{"id":15597,"date":"2022-01-10T13:53:11","date_gmt":"2022-01-10T12:53:11","guid":{"rendered":"http:\/\/elzbieta.org\/?p=15597"},"modified":"2022-01-22T14:05:03","modified_gmt":"2022-01-22T13:05:03","slug":"katecheza-dla-przygotowujacych-sie-do-bierzmowania-14-03-21-9-30","status":"publish","type":"post","link":"http:\/\/elzbieta.org\/?p=15597","title":{"rendered":"Katechezy dla m\u0142odzie\u017cy przygotowuj\u0105cej si\u0119 do bierzmowania"},"content":{"rendered":"<p>W grudniu, w ramach przygotowania do bierzmowania, odb\u0119d\u0105 si\u0119 katechezy parafialne. Serdecznie zapraszam:<\/p>\n<ul>\n<li class=\"first-child\">w niedziel\u0119 16.01.2022\u2013 m\u0142odzie\u017c klas \u00f3smych<\/li>\n<li>w niedziel\u0119 23.012022\u2013 m\u0142odzie\u017c klas si\u00f3dmych<\/li>\n<li>w niedziel\u0119 30.01.2022\u2013 m\u0142odzie\u017c klas sz\u00f3stych<\/li>\n<\/ul>\n<p>Spotykamy si\u0119 w ko\u015bciele o godzinie 9.15.&nbsp;<\/p>\n<p style=\"text-align: right;\">ksi\u0105dz proboszcz Janusz Jastrz\u0119bski<\/p>\n","protected":false},"excerpt":{"rendered":"<p>W grudniu, w ramach przygotowania do bierzmowania, odb\u0119d\u0105 si\u0119 katechezy parafialne. Serdecznie zapraszam: w niedziel\u0119 16.01.2022\u2013 m\u0142odzie\u017c klas \u00f3smych w niedziel\u0119 23.012022\u2013 m\u0142odzie\u017c klas si\u00f3dmych w niedziel\u0119 30.01.2022\u2013 m\u0142odzie\u017c klas sz\u00f3stych Spotykamy si\u0119 w ko\u015bciele o godzinie 9.15.&nbsp; ksi\u0105dz proboszcz Janusz Jastrz\u0119bski<\/p>\n","protected":false},"author":2,"featured_media":14961,"comment_status":"closed","ping_status":"open","sticky":false,"template":"","format":"standard","meta":{"ngg_post_thumbnail":0},"categories":[2],"tags":[],"_links":{"self":[{"href":"http:\/\/elzbieta.org\/index.php?rest_route=\/wp\/v2\/posts\/15597"}],"collection":[{"href":"http:\/\/elzbieta.org\/index.php?rest_route=\/wp\/v2\/posts"}],"about":[{"href":"http:\/\/elzbieta.org\/index.php?rest_route=\/wp\/v2\/types\/post"}],"author":[{"embeddable":true,"href":"http:\/\/elzbieta.org\/index.php?rest_route=\/wp\/v2\/users\/2"}],"replies":[{"embeddable":true,"href":"http:\/\/elzbieta.org\/index.php?rest_route=%2Fwp%2Fv2%2Fcomments&post=15597"}],"version-history":[{"count":16,"href":"http:\/\/elzbieta.org\/index.php?rest_route=\/wp\/v2\/posts\/15597\/revisions"}],"predecessor-version":[{"id":16609,"href":"http:\/\/elzbieta.org\/index.php?rest_route=\/wp\/v2\/posts\/15597\/revisions\/16609"}],"wp:featuredmedia":[{"embeddable":true,"href":"http:\/\/elzbieta.org\/index.php?rest_route=\/wp\/v2\/media\/14961"}],"wp:attachment":[{"href":"http:\/\/elzbieta.org\/index.php?rest_route=%2Fwp%2Fv2%2Fmedia&parent=15597"}],"wp:term":[{"taxonomy":"category","embeddable":true,"href":"http:\/\/elzbieta.org\/index.php?rest_route=%2Fwp%2Fv2%2Fcategories&post=15597"},{"taxonomy":"post_tag","embeddable":true,"href":"http:\/\/elzbieta.org\/index.php?rest_route=%2Fwp%2Fv2%2Ftags&post=15597"}],"curies":[{"name":"wp","href":"https:\/\/api.w.org\/{rel}","templated":true}]}}