{"id":16648,"date":"2022-02-01T16:07:25","date_gmt":"2022-02-01T15:07:25","guid":{"rendered":"http:\/\/elzbieta.org\/?p=16648"},"modified":"2022-02-01T16:38:51","modified_gmt":"2022-02-01T15:38:51","slug":"o-synodzie-podczas-spotkan-koledowych-2022","status":"publish","type":"post","link":"http:\/\/elzbieta.org\/?p=16648","title":{"rendered":"O Synodzie podczas spotka\u0144 kol\u0119dowych stycze\u0144 2022"},"content":{"rendered":"<div class=\"cxmmr5t8 oygrvhab hcukyx3x c1et5uql o9v6fnle ii04i59q\">\n<div dir=\"auto\">W ramach spotka\u0144 kol\u0119dowych Parafianie z poszczeg\u00f3lnych ulic uczestniczyli we Mszy \u015bwi\u0119tej a po niej odby\u0142 si\u0119 obrz\u0119d po\u015bwi\u0119cenia wody i uroczyste b\u0142ogos\u0142awie\u0144stwo. Nast\u0119pnie Ksi\u0119\u017ca wr\u0119czali buteleczki z wod\u0105 \u015bwi\u0119con\u0105 (z naklejk\u0105 parafialn\u0105) oraz pami\u0105tki kol\u0119dowe &#8211; folder z modlitw\u0105 b\u0142ogos\u0142awie\u0144stwa mieszkania, notes i d\u0142ugopis &#8211; materia\u0142y specjalnie przygotowane na kol\u0119d\u0119 oraz zaopatrzone w logo i has\u0142o trwaj\u0105cego w Ko\u015bciele Synodu.<\/div>\n<div dir=\"auto\"><img decoding=\"async\" loading=\"lazy\" class=\"wp-image-16650 aligncenter\" src=\"http:\/\/elzbieta.org\/wp-content\/uploads\/2022\/02\/IMG-20220125-WA0002-225x300.jpg\" alt=\"\" width=\"386\" height=\"515\" srcset=\"http:\/\/elzbieta.org\/wp-content\/uploads\/2022\/02\/IMG-20220125-WA0002-225x300.jpg 225w, http:\/\/elzbieta.org\/wp-content\/uploads\/2022\/02\/IMG-20220125-WA0002-768x1024.jpg 768w, http:\/\/elzbieta.org\/wp-content\/uploads\/2022\/02\/IMG-20220125-WA0002-113x150.jpg 113w, http:\/\/elzbieta.org\/wp-content\/uploads\/2022\/02\/IMG-20220125-WA0002-1152x1536.jpg 1152w, http:\/\/elzbieta.org\/wp-content\/uploads\/2022\/02\/IMG-20220125-WA0002.jpg 1200w\" sizes=\"(max-width: 386px) 100vw, 386px\" \/><\/div>\n<div dir=\"auto\">&nbsp;<\/div>\n<\/div>\n<div class=\"cxmmr5t8 oygrvhab hcukyx3x c1et5uql o9v6fnle ii04i59q\">\n<div dir=\"auto\">Podczas kazania Ksi\u0105dz Proboszcz m\u00f3wi\u0142 o idei Synodu, zaprasza\u0142 Parafian do udzia\u0142u oraz wyja\u015bnia\u0142 znaczenie logo. Uczestnicy mieli plansze z logo na swoich \u0142awkach. Logo by\u0142o prezentowane te\u017c na planszach w du\u017cym formacie.<\/div>\n<div dir=\"auto\"><img decoding=\"async\" loading=\"lazy\" class=\"alignnone  wp-image-16649 aligncenter\" src=\"http:\/\/elzbieta.org\/wp-content\/uploads\/2022\/02\/modlitwa-material-na-www-1-300x245.jpg\" alt=\"\" width=\"701\" height=\"573\" srcset=\"http:\/\/elzbieta.org\/wp-content\/uploads\/2022\/02\/modlitwa-material-na-www-1-300x245.jpg 300w, http:\/\/elzbieta.org\/wp-content\/uploads\/2022\/02\/modlitwa-material-na-www-1-1024x836.jpg 1024w, http:\/\/elzbieta.org\/wp-content\/uploads\/2022\/02\/modlitwa-material-na-www-1-150x123.jpg 150w, http:\/\/elzbieta.org\/wp-content\/uploads\/2022\/02\/modlitwa-material-na-www-1-768x627.jpg 768w, http:\/\/elzbieta.org\/wp-content\/uploads\/2022\/02\/modlitwa-material-na-www-1-1536x1255.jpg 1536w, http:\/\/elzbieta.org\/wp-content\/uploads\/2022\/02\/modlitwa-material-na-www-1-2048x1673.jpg 2048w, http:\/\/elzbieta.org\/wp-content\/uploads\/2022\/02\/modlitwa-material-na-www-1-20x16.jpg 20w\" sizes=\"(max-width: 701px) 100vw, 701px\" \/><\/div>\n<div dir=\"auto\">&nbsp;<\/div>\n<div dir=\"auto\"><img decoding=\"async\" loading=\"lazy\" class=\"wp-image-16656 aligncenter\" src=\"http:\/\/elzbieta.org\/wp-content\/uploads\/2022\/02\/zaproszenie-tekst-2-300x213.jpg\" alt=\"\" width=\"704\" height=\"500\" srcset=\"http:\/\/elzbieta.org\/wp-content\/uploads\/2022\/02\/zaproszenie-tekst-2-300x213.jpg 300w, http:\/\/elzbieta.org\/wp-content\/uploads\/2022\/02\/zaproszenie-tekst-2-1024x728.jpg 1024w, http:\/\/elzbieta.org\/wp-content\/uploads\/2022\/02\/zaproszenie-tekst-2-150x107.jpg 150w, http:\/\/elzbieta.org\/wp-content\/uploads\/2022\/02\/zaproszenie-tekst-2-768x546.jpg 768w, http:\/\/elzbieta.org\/wp-content\/uploads\/2022\/02\/zaproszenie-tekst-2-1536x1092.jpg 1536w, http:\/\/elzbieta.org\/wp-content\/uploads\/2022\/02\/zaproszenie-tekst-2-2048x1455.jpg 2048w\" sizes=\"(max-width: 704px) 100vw, 704px\" \/><\/div>\n<div dir=\"auto\"><img decoding=\"async\" loading=\"lazy\" class=\"wp-image-16651 aligncenter\" src=\"http:\/\/elzbieta.org\/wp-content\/uploads\/2022\/02\/notes-na-www-300x281.jpg\" alt=\"\" width=\"584\" height=\"547\" srcset=\"http:\/\/elzbieta.org\/wp-content\/uploads\/2022\/02\/notes-na-www-300x281.jpg 300w, http:\/\/elzbieta.org\/wp-content\/uploads\/2022\/02\/notes-na-www-1024x960.jpg 1024w, http:\/\/elzbieta.org\/wp-content\/uploads\/2022\/02\/notes-na-www-150x141.jpg 150w, http:\/\/elzbieta.org\/wp-content\/uploads\/2022\/02\/notes-na-www-768x720.jpg 768w, http:\/\/elzbieta.org\/wp-content\/uploads\/2022\/02\/notes-na-www-1536x1440.jpg 1536w, http:\/\/elzbieta.org\/wp-content\/uploads\/2022\/02\/notes-na-www-2048x1921.jpg 2048w\" sizes=\"(max-width: 584px) 100vw, 584px\" \/><\/div>\n<div dir=\"auto\">&nbsp;<\/div>\n<div dir=\"auto\"><img decoding=\"async\" loading=\"lazy\" class=\" wp-image-16652 aligncenter\" src=\"http:\/\/elzbieta.org\/wp-content\/uploads\/2022\/02\/Beznazwy-1-300x90.jpg\" alt=\"\" width=\"564\" height=\"169\" srcset=\"http:\/\/elzbieta.org\/wp-content\/uploads\/2022\/02\/Beznazwy-1-300x90.jpg 300w, http:\/\/elzbieta.org\/wp-content\/uploads\/2022\/02\/Beznazwy-1-1024x307.jpg 1024w, http:\/\/elzbieta.org\/wp-content\/uploads\/2022\/02\/Beznazwy-1-150x45.jpg 150w, http:\/\/elzbieta.org\/wp-content\/uploads\/2022\/02\/Beznazwy-1-768x230.jpg 768w, http:\/\/elzbieta.org\/wp-content\/uploads\/2022\/02\/Beznazwy-1-1536x460.jpg 1536w, http:\/\/elzbieta.org\/wp-content\/uploads\/2022\/02\/Beznazwy-1-1170x350.jpg 1170w, http:\/\/elzbieta.org\/wp-content\/uploads\/2022\/02\/Beznazwy-1.jpg 1673w\" sizes=\"(max-width: 564px) 100vw, 564px\" \/><\/div>\n<\/div>\n","protected":false},"excerpt":{"rendered":"<p>W ramach spotka\u0144 kol\u0119dowych Parafianie z poszczeg\u00f3lnych ulic uczestniczyli we Mszy \u015bwi\u0119tej a po niej odby\u0142 si\u0119 obrz\u0119d po\u015bwi\u0119cenia wody i uroczyste b\u0142ogos\u0142awie\u0144stwo. Nast\u0119pnie Ksi\u0119\u017ca wr\u0119czali buteleczki z wod\u0105 \u015bwi\u0119con\u0105 (z naklejk\u0105 parafialn\u0105) oraz pami\u0105tki kol\u0119dowe &#8211; folder z modlitw\u0105 b\u0142ogos\u0142awie\u0144stwa mieszkania, notes i d\u0142ugopis &#8211; materia\u0142y specjalnie przygotowane na kol\u0119d\u0119 oraz zaopatrzone w logo [&hellip;]<\/p>\n","protected":false},"author":2,"featured_media":16649,"comment_status":"closed","ping_status":"open","sticky":false,"template":"","format":"standard","meta":{"ngg_post_thumbnail":0},"categories":[2],"tags":[],"_links":{"self":[{"href":"http:\/\/elzbieta.org\/index.php?rest_route=\/wp\/v2\/posts\/16648"}],"collection":[{"href":"http:\/\/elzbieta.org\/index.php?rest_route=\/wp\/v2\/posts"}],"about":[{"href":"http:\/\/elzbieta.org\/index.php?rest_route=\/wp\/v2\/types\/post"}],"author":[{"embeddable":true,"href":"http:\/\/elzbieta.org\/index.php?rest_route=\/wp\/v2\/users\/2"}],"replies":[{"embeddable":true,"href":"http:\/\/elzbieta.org\/index.php?rest_route=%2Fwp%2Fv2%2Fcomments&post=16648"}],"version-history":[{"count":6,"href":"http:\/\/elzbieta.org\/index.php?rest_route=\/wp\/v2\/posts\/16648\/revisions"}],"predecessor-version":[{"id":16659,"href":"http:\/\/elzbieta.org\/index.php?rest_route=\/wp\/v2\/posts\/16648\/revisions\/16659"}],"wp:featuredmedia":[{"embeddable":true,"href":"http:\/\/elzbieta.org\/index.php?rest_route=\/wp\/v2\/media\/16649"}],"wp:attachment":[{"href":"http:\/\/elzbieta.org\/index.php?rest_route=%2Fwp%2Fv2%2Fmedia&parent=16648"}],"wp:term":[{"taxonomy":"category","embeddable":true,"href":"http:\/\/elzbieta.org\/index.php?rest_route=%2Fwp%2Fv2%2Fcategories&post=16648"},{"taxonomy":"post_tag","embeddable":true,"href":"http:\/\/elzbieta.org\/index.php?rest_route=%2Fwp%2Fv2%2Ftags&post=16648"}],"curies":[{"name":"wp","href":"https:\/\/api.w.org\/{rel}","templated":true}]}}