{"id":16690,"date":"2022-03-01T12:40:04","date_gmt":"2022-03-01T11:40:04","guid":{"rendered":"http:\/\/elzbieta.org\/?p=16690"},"modified":"2022-03-01T12:40:04","modified_gmt":"2022-03-01T11:40:04","slug":"sroda-popielcowa-dzien-modlitw-o-pokoj-porzadek-mszy-swietych","status":"publish","type":"post","link":"http:\/\/elzbieta.org\/?p=16690","title":{"rendered":"\u015aroda Popielcowa &#8211; Dzie\u0144 Modlitw o Pok\u00f3j. Porz\u0105dek Mszy \u015bwi\u0119tych"},"content":{"rendered":"<div dir=\"auto\">\u015aroda Popielcowa 2.03.2022<\/div>\n<div dir=\"auto\">Msze \u015bwi\u0119te o godz. 6.30, 7.30, 9.00, 17.00, 18.30 i 20.00<\/div>\n","protected":false},"excerpt":{"rendered":"<p>\u015aroda Popielcowa 2.03.2022 Msze \u015bwi\u0119te o godz. 6.30, 7.30, 9.00, 17.00, 18.30 i 20.00<\/p>\n","protected":false},"author":2,"featured_media":16691,"comment_status":"closed","ping_status":"open","sticky":false,"template":"","format":"standard","meta":{"ngg_post_thumbnail":0},"categories":[2],"tags":[],"_links":{"self":[{"href":"http:\/\/elzbieta.org\/index.php?rest_route=\/wp\/v2\/posts\/16690"}],"collection":[{"href":"http:\/\/elzbieta.org\/index.php?rest_route=\/wp\/v2\/posts"}],"about":[{"href":"http:\/\/elzbieta.org\/index.php?rest_route=\/wp\/v2\/types\/post"}],"author":[{"embeddable":true,"href":"http:\/\/elzbieta.org\/index.php?rest_route=\/wp\/v2\/users\/2"}],"replies":[{"embeddable":true,"href":"http:\/\/elzbieta.org\/index.php?rest_route=%2Fwp%2Fv2%2Fcomments&post=16690"}],"version-history":[{"count":1,"href":"http:\/\/elzbieta.org\/index.php?rest_route=\/wp\/v2\/posts\/16690\/revisions"}],"predecessor-version":[{"id":16692,"href":"http:\/\/elzbieta.org\/index.php?rest_route=\/wp\/v2\/posts\/16690\/revisions\/16692"}],"wp:featuredmedia":[{"embeddable":true,"href":"http:\/\/elzbieta.org\/index.php?rest_route=\/wp\/v2\/media\/16691"}],"wp:attachment":[{"href":"http:\/\/elzbieta.org\/index.php?rest_route=%2Fwp%2Fv2%2Fmedia&parent=16690"}],"wp:term":[{"taxonomy":"category","embeddable":true,"href":"http:\/\/elzbieta.org\/index.php?rest_route=%2Fwp%2Fv2%2Fcategories&post=16690"},{"taxonomy":"post_tag","embeddable":true,"href":"http:\/\/elzbieta.org\/index.php?rest_route=%2Fwp%2Fv2%2Ftags&post=16690"}],"curies":[{"name":"wp","href":"https:\/\/api.w.org\/{rel}","templated":true}]}}