{"id":16761,"date":"2022-03-24T18:14:03","date_gmt":"2022-03-24T17:14:03","guid":{"rendered":"http:\/\/elzbieta.org\/?p=16761"},"modified":"2022-03-24T18:19:24","modified_gmt":"2022-03-24T17:19:24","slug":"akt-poswiecenia-rosji-niepokalanemu-sercu-maryi","status":"publish","type":"post","link":"http:\/\/elzbieta.org\/?p=16761","title":{"rendered":"Akt Po\u015bwi\u0119cenia Rosji i Ukrainy Niepokalanemu Sercu Maryi"},"content":{"rendered":"<ul>\n<li class=\"first-child\">W zwi\u0105zku z trwaj\u0105c\u0105 agresj\u0105 zbrojn\u0105 Rosji w Ukrainie, dnia 25 marca br., w Uroczysto\u015b\u0107 Zwiastowania Pa\u0144skiego, Ojciec \u015awi\u0119ty Franciszek dokona Aktu Po\u015bwi\u0119cenia Rosji i Ukrainy Niepokalanemu Sercu Maryi. Jednocze\u015bnie Papie\u017c prosi, aby pasterze i wierni na ca\u0142ym \u015bwiecie trwali w tym samym czasie zjednoczeni na modlitwie, pod przewodnictwem Biskupa Rzymu.<\/li>\n<li data-wtg-lazy=\"2\">Przewodnicz\u0105cy Konferencji Episkopatu Polski pisze: Ko\u015bci\u00f3\u0142 w Polsce pragnie odpowiedzie\u0107 na to papieskie wezwanie, dlatego zwracam si\u0119 z apelem do wszystkich ksi\u0119\u017cy biskup\u00f3w, kap\u0142an\u00f3w, os\u00f3b \u017cycia konsekrowanego i wszystkich wiernych, aby tego dnia we wszystkich katedrach i ko\u015bcio\u0142ach w Polsce o godz. 17:00, w jedno\u015bci z Nast\u0119pc\u0105 \u015awi\u0119tego Piotra, wznie\u015b\u0107 modlitwy do Boga, odmawiaj\u0105c Akt Po\u015bwi\u0119cenia Rosji i Ukrainy Niepokalanemu Sercu Maryi. Prosz\u0119 r\u00f3wnie\u017c, by tego dnia odprawi\u0107 Eucharysti\u0119 w intencji pokoju w Ukrainie oraz nawr\u00f3cenia Rosji.<\/li>\n<li>W odpowiedzi na pro\u015bb\u0119 Ojca \u015awi\u0119tego Franciszka i na apel Przewodnicz\u0105cego Konferencji Episkopatu Polski <strong>w naszej parafii najbli\u017cszy pi\u0105tek 25 marca czyli Uroczysto\u015b\u0107 Zwiastowania Pa\u0144skiego b\u0119dzie dniem modlitwy w intencji pokoju w Ukrainie oraz nawr\u00f3cenia Rosji.<\/strong><\/li>\n<li><strong>O godz. 17.00, przed Drog\u0105 Krzy\u017cow\u0105 dla dzieci, odm\u00f3wimy Akt Po\u015bwi\u0119cenia Rosji i Ukrainy Niepokalanemu Sercu Maryi.<\/strong><\/li>\n<li><strong>Msz\u0119 \u015bwi\u0119t\u0105 w intencji pokoju w Ukrainie oraz nawr\u00f3cenia Rosji odprawimy o godz. 9.00.<\/strong><\/li>\n<\/ul>\n<p><a href=\"https:\/\/www.ekai.pl\/akt-poswiecenia-rosji-niepokalanemu-sercu-maryi-historia\/?fbclid=IwAR2b6fKCXqCnN6qiVWXC9VzaZSe3-Fkc_MDr50IQObcIduNQa5aE13vTHSM\" target=\"_blank\" rel=\"nofollow noopener noreferrer\">Akt po\u015bwi\u0119cenia Rosji Niepokalanemu Sercu Maryi &#8211; historia. Otw\u00f3rz&#8230;<\/a><\/p>\n","protected":false},"excerpt":{"rendered":"<p>W zwi\u0105zku z trwaj\u0105c\u0105 agresj\u0105 zbrojn\u0105 Rosji w Ukrainie, dnia 25 marca br., w Uroczysto\u015b\u0107 Zwiastowania Pa\u0144skiego, Ojciec \u015awi\u0119ty Franciszek dokona Aktu Po\u015bwi\u0119cenia Rosji i Ukrainy Niepokalanemu Sercu Maryi. Jednocze\u015bnie Papie\u017c prosi, aby pasterze i wierni na ca\u0142ym \u015bwiecie trwali w tym samym czasie zjednoczeni na modlitwie, pod przewodnictwem Biskupa Rzymu. Przewodnicz\u0105cy Konferencji Episkopatu Polski [&hellip;]<\/p>\n","protected":false},"author":2,"featured_media":16762,"comment_status":"closed","ping_status":"open","sticky":false,"template":"","format":"standard","meta":{"ngg_post_thumbnail":0},"categories":[2],"tags":[],"_links":{"self":[{"href":"http:\/\/elzbieta.org\/index.php?rest_route=\/wp\/v2\/posts\/16761"}],"collection":[{"href":"http:\/\/elzbieta.org\/index.php?rest_route=\/wp\/v2\/posts"}],"about":[{"href":"http:\/\/elzbieta.org\/index.php?rest_route=\/wp\/v2\/types\/post"}],"author":[{"embeddable":true,"href":"http:\/\/elzbieta.org\/index.php?rest_route=\/wp\/v2\/users\/2"}],"replies":[{"embeddable":true,"href":"http:\/\/elzbieta.org\/index.php?rest_route=%2Fwp%2Fv2%2Fcomments&post=16761"}],"version-history":[{"count":5,"href":"http:\/\/elzbieta.org\/index.php?rest_route=\/wp\/v2\/posts\/16761\/revisions"}],"predecessor-version":[{"id":16767,"href":"http:\/\/elzbieta.org\/index.php?rest_route=\/wp\/v2\/posts\/16761\/revisions\/16767"}],"wp:featuredmedia":[{"embeddable":true,"href":"http:\/\/elzbieta.org\/index.php?rest_route=\/wp\/v2\/media\/16762"}],"wp:attachment":[{"href":"http:\/\/elzbieta.org\/index.php?rest_route=%2Fwp%2Fv2%2Fmedia&parent=16761"}],"wp:term":[{"taxonomy":"category","embeddable":true,"href":"http:\/\/elzbieta.org\/index.php?rest_route=%2Fwp%2Fv2%2Fcategories&post=16761"},{"taxonomy":"post_tag","embeddable":true,"href":"http:\/\/elzbieta.org\/index.php?rest_route=%2Fwp%2Fv2%2Ftags&post=16761"}],"curies":[{"name":"wp","href":"https:\/\/api.w.org\/{rel}","templated":true}]}}