{"id":16834,"date":"2022-05-11T18:13:44","date_gmt":"2022-05-11T16:13:44","guid":{"rendered":"http:\/\/elzbieta.org\/?p=16834"},"modified":"2022-05-11T18:43:32","modified_gmt":"2022-05-11T16:43:32","slug":"moj-rok-eucharystyczny-nowy-projekt-dla-dzieci","status":"publish","type":"post","link":"http:\/\/elzbieta.org\/?p=16834","title":{"rendered":"M\u00f3j Rok Eucharystyczny &#8211; nowy projekt dla dzieci"},"content":{"rendered":"<div class=\"kvgmc6g5 cxmmr5t8 oygrvhab hcukyx3x c1et5uql ii04i59q\">\n<div dir=\"auto\"><!-- default-view.php -->\n<div\n\tclass=\"ngg-galleryoverview default-view \"\n\tid=\"ngg-gallery-925f048ad888137af0666ff77d92a98c-1\">\n\n\t\t<!-- Thumbnails -->\n\t\t\t\t<div id=\"ngg-image-0\" class=\"ngg-gallery-thumbnail-box \" >\n\t\t\t\t        <div class=\"ngg-gallery-thumbnail\">\n            <a href=\"http:\/\/elzbieta.org\/wp-content\/gallery\/moj-rok-eucharystyczny-2022-2023-dla-dzieci-po-i-komunii-swietej\/na-fb-1.jpg\"\n               title=\"\"\n               data-src=\"http:\/\/elzbieta.org\/wp-content\/gallery\/moj-rok-eucharystyczny-2022-2023-dla-dzieci-po-i-komunii-swietej\/na-fb-1.jpg\"\n               data-thumbnail=\"http:\/\/elzbieta.org\/wp-content\/gallery\/moj-rok-eucharystyczny-2022-2023-dla-dzieci-po-i-komunii-swietej\/thumbs\/thumbs_na-fb-1.jpg\"\n               data-image-id=\"4722\"\n               data-title=\"na-fb-1\"\n               data-description=\"\"\n               data-image-slug=\"na-fb-1\"\n               class=\"ngg-simplelightbox\" rel=\"925f048ad888137af0666ff77d92a98c\">\n                <img\n                    title=\"na-fb-1\"\n                    alt=\"na-fb-1\"\n                    src=\"http:\/\/elzbieta.org\/wp-content\/gallery\/moj-rok-eucharystyczny-2022-2023-dla-dzieci-po-i-komunii-swietej\/thumbs\/thumbs_na-fb-1.jpg\"\n                    width=\"240\"\n                    height=\"160\"\n                    style=\"max-width:100%;\"\n                \/>\n            <\/a>\n        <\/div>\n\t\t\t\t\t\t\t<\/div> \n\t\t\t\n\t\t\t\t<div id=\"ngg-image-1\" class=\"ngg-gallery-thumbnail-box \" >\n\t\t\t\t        <div class=\"ngg-gallery-thumbnail\">\n            <a href=\"http:\/\/elzbieta.org\/wp-content\/gallery\/moj-rok-eucharystyczny-2022-2023-dla-dzieci-po-i-komunii-swietej\/na-cb-2.jpg\"\n               title=\"\"\n               data-src=\"http:\/\/elzbieta.org\/wp-content\/gallery\/moj-rok-eucharystyczny-2022-2023-dla-dzieci-po-i-komunii-swietej\/na-cb-2.jpg\"\n               data-thumbnail=\"http:\/\/elzbieta.org\/wp-content\/gallery\/moj-rok-eucharystyczny-2022-2023-dla-dzieci-po-i-komunii-swietej\/thumbs\/thumbs_na-cb-2.jpg\"\n               data-image-id=\"4721\"\n               data-title=\"na-cb-2\"\n               data-description=\"\"\n               data-image-slug=\"na-cb-2\"\n               class=\"ngg-simplelightbox\" rel=\"925f048ad888137af0666ff77d92a98c\">\n                <img\n                    title=\"na-cb-2\"\n                    alt=\"na-cb-2\"\n                    src=\"http:\/\/elzbieta.org\/wp-content\/gallery\/moj-rok-eucharystyczny-2022-2023-dla-dzieci-po-i-komunii-swietej\/thumbs\/thumbs_na-cb-2.jpg\"\n                    width=\"240\"\n                    height=\"160\"\n                    style=\"max-width:100%;\"\n                \/>\n            <\/a>\n        <\/div>\n\t\t\t\t\t\t\t<\/div> \n\t\t\t\n\t\t\t\t<div id=\"ngg-image-2\" class=\"ngg-gallery-thumbnail-box \" >\n\t\t\t\t        <div class=\"ngg-gallery-thumbnail\">\n            <a href=\"http:\/\/elzbieta.org\/wp-content\/gallery\/moj-rok-eucharystyczny-2022-2023-dla-dzieci-po-i-komunii-swietej\/IMG-20220511-WA0000.jpg\"\n               title=\"\"\n               data-src=\"http:\/\/elzbieta.org\/wp-content\/gallery\/moj-rok-eucharystyczny-2022-2023-dla-dzieci-po-i-komunii-swietej\/IMG-20220511-WA0000.jpg\"\n               data-thumbnail=\"http:\/\/elzbieta.org\/wp-content\/gallery\/moj-rok-eucharystyczny-2022-2023-dla-dzieci-po-i-komunii-swietej\/thumbs\/thumbs_IMG-20220511-WA0000.jpg\"\n               data-image-id=\"4689\"\n               data-title=\"IMG-20220511-WA0000\"\n               data-description=\"\"\n               data-image-slug=\"img-20220511-wa0000\"\n               class=\"ngg-simplelightbox\" rel=\"925f048ad888137af0666ff77d92a98c\">\n                <img\n                    title=\"IMG-20220511-WA0000\"\n                    alt=\"IMG-20220511-WA0000\"\n                    src=\"http:\/\/elzbieta.org\/wp-content\/gallery\/moj-rok-eucharystyczny-2022-2023-dla-dzieci-po-i-komunii-swietej\/thumbs\/thumbs_IMG-20220511-WA0000.jpg\"\n                    width=\"240\"\n                    height=\"160\"\n                    style=\"max-width:100%;\"\n                \/>\n            <\/a>\n        <\/div>\n\t\t\t\t\t\t\t<\/div> \n\t\t\t\n\t\t\t\t<div id=\"ngg-image-3\" class=\"ngg-gallery-thumbnail-box \" >\n\t\t\t\t        <div class=\"ngg-gallery-thumbnail\">\n            <a href=\"http:\/\/elzbieta.org\/wp-content\/gallery\/moj-rok-eucharystyczny-2022-2023-dla-dzieci-po-i-komunii-swietej\/IMG-20220511-WA0001.jpg\"\n               title=\"\"\n               data-src=\"http:\/\/elzbieta.org\/wp-content\/gallery\/moj-rok-eucharystyczny-2022-2023-dla-dzieci-po-i-komunii-swietej\/IMG-20220511-WA0001.jpg\"\n               data-thumbnail=\"http:\/\/elzbieta.org\/wp-content\/gallery\/moj-rok-eucharystyczny-2022-2023-dla-dzieci-po-i-komunii-swietej\/thumbs\/thumbs_IMG-20220511-WA0001.jpg\"\n               data-image-id=\"4690\"\n               data-title=\"IMG-20220511-WA0001\"\n               data-description=\"\"\n               data-image-slug=\"img-20220511-wa0001\"\n               class=\"ngg-simplelightbox\" rel=\"925f048ad888137af0666ff77d92a98c\">\n                <img\n                    title=\"IMG-20220511-WA0001\"\n                    alt=\"IMG-20220511-WA0001\"\n                    src=\"http:\/\/elzbieta.org\/wp-content\/gallery\/moj-rok-eucharystyczny-2022-2023-dla-dzieci-po-i-komunii-swietej\/thumbs\/thumbs_IMG-20220511-WA0001.jpg\"\n                    width=\"240\"\n                    height=\"160\"\n                    style=\"max-width:100%;\"\n                \/>\n            <\/a>\n        <\/div>\n\t\t\t\t\t\t\t<\/div> \n\t\t\t\n\t\t\t\t<div id=\"ngg-image-4\" class=\"ngg-gallery-thumbnail-box \" >\n\t\t\t\t        <div class=\"ngg-gallery-thumbnail\">\n            <a href=\"http:\/\/elzbieta.org\/wp-content\/gallery\/moj-rok-eucharystyczny-2022-2023-dla-dzieci-po-i-komunii-swietej\/IMG-20220511-WA0002.jpg\"\n               title=\"\"\n               data-src=\"http:\/\/elzbieta.org\/wp-content\/gallery\/moj-rok-eucharystyczny-2022-2023-dla-dzieci-po-i-komunii-swietej\/IMG-20220511-WA0002.jpg\"\n               data-thumbnail=\"http:\/\/elzbieta.org\/wp-content\/gallery\/moj-rok-eucharystyczny-2022-2023-dla-dzieci-po-i-komunii-swietej\/thumbs\/thumbs_IMG-20220511-WA0002.jpg\"\n               data-image-id=\"4691\"\n               data-title=\"IMG-20220511-WA0002\"\n               data-description=\"\"\n               data-image-slug=\"img-20220511-wa0002\"\n               class=\"ngg-simplelightbox\" rel=\"925f048ad888137af0666ff77d92a98c\">\n                <img\n                    title=\"IMG-20220511-WA0002\"\n                    alt=\"IMG-20220511-WA0002\"\n                    src=\"http:\/\/elzbieta.org\/wp-content\/gallery\/moj-rok-eucharystyczny-2022-2023-dla-dzieci-po-i-komunii-swietej\/thumbs\/thumbs_IMG-20220511-WA0002.jpg\"\n                    width=\"240\"\n                    height=\"160\"\n                    style=\"max-width:100%;\"\n                \/>\n            <\/a>\n        <\/div>\n\t\t\t\t\t\t\t<\/div> \n\t\t\t\n\t\t\t\t<div id=\"ngg-image-5\" class=\"ngg-gallery-thumbnail-box \" >\n\t\t\t\t        <div class=\"ngg-gallery-thumbnail\">\n            <a href=\"http:\/\/elzbieta.org\/wp-content\/gallery\/moj-rok-eucharystyczny-2022-2023-dla-dzieci-po-i-komunii-swietej\/IMG-20220511-WA0003.jpg\"\n               title=\"\"\n               data-src=\"http:\/\/elzbieta.org\/wp-content\/gallery\/moj-rok-eucharystyczny-2022-2023-dla-dzieci-po-i-komunii-swietej\/IMG-20220511-WA0003.jpg\"\n               data-thumbnail=\"http:\/\/elzbieta.org\/wp-content\/gallery\/moj-rok-eucharystyczny-2022-2023-dla-dzieci-po-i-komunii-swietej\/thumbs\/thumbs_IMG-20220511-WA0003.jpg\"\n               data-image-id=\"4692\"\n               data-title=\"IMG-20220511-WA0003\"\n               data-description=\"\"\n               data-image-slug=\"img-20220511-wa0003\"\n               class=\"ngg-simplelightbox\" rel=\"925f048ad888137af0666ff77d92a98c\">\n                <img\n                    title=\"IMG-20220511-WA0003\"\n                    alt=\"IMG-20220511-WA0003\"\n                    src=\"http:\/\/elzbieta.org\/wp-content\/gallery\/moj-rok-eucharystyczny-2022-2023-dla-dzieci-po-i-komunii-swietej\/thumbs\/thumbs_IMG-20220511-WA0003.jpg\"\n                    width=\"240\"\n                    height=\"160\"\n                    style=\"max-width:100%;\"\n                \/>\n            <\/a>\n        <\/div>\n\t\t\t\t\t\t\t<\/div> \n\t\t\t\n\t\t\t\t<div id=\"ngg-image-6\" class=\"ngg-gallery-thumbnail-box \" >\n\t\t\t\t        <div class=\"ngg-gallery-thumbnail\">\n            <a href=\"http:\/\/elzbieta.org\/wp-content\/gallery\/moj-rok-eucharystyczny-2022-2023-dla-dzieci-po-i-komunii-swietej\/IMG-20220511-WA0004.jpg\"\n               title=\"\"\n               data-src=\"http:\/\/elzbieta.org\/wp-content\/gallery\/moj-rok-eucharystyczny-2022-2023-dla-dzieci-po-i-komunii-swietej\/IMG-20220511-WA0004.jpg\"\n               data-thumbnail=\"http:\/\/elzbieta.org\/wp-content\/gallery\/moj-rok-eucharystyczny-2022-2023-dla-dzieci-po-i-komunii-swietej\/thumbs\/thumbs_IMG-20220511-WA0004.jpg\"\n               data-image-id=\"4693\"\n               data-title=\"IMG-20220511-WA0004\"\n               data-description=\"\"\n               data-image-slug=\"img-20220511-wa0004\"\n               class=\"ngg-simplelightbox\" rel=\"925f048ad888137af0666ff77d92a98c\">\n                <img\n                    title=\"IMG-20220511-WA0004\"\n                    alt=\"IMG-20220511-WA0004\"\n                    src=\"http:\/\/elzbieta.org\/wp-content\/gallery\/moj-rok-eucharystyczny-2022-2023-dla-dzieci-po-i-komunii-swietej\/thumbs\/thumbs_IMG-20220511-WA0004.jpg\"\n                    width=\"240\"\n                    height=\"160\"\n                    style=\"max-width:100%;\"\n                \/>\n            <\/a>\n        <\/div>\n\t\t\t\t\t\t\t<\/div> \n\t\t\t\n\t\t\t\t<div id=\"ngg-image-7\" class=\"ngg-gallery-thumbnail-box \" >\n\t\t\t\t        <div class=\"ngg-gallery-thumbnail\">\n            <a href=\"http:\/\/elzbieta.org\/wp-content\/gallery\/moj-rok-eucharystyczny-2022-2023-dla-dzieci-po-i-komunii-swietej\/IMG-20220511-WA0005.jpg\"\n               title=\"\"\n               data-src=\"http:\/\/elzbieta.org\/wp-content\/gallery\/moj-rok-eucharystyczny-2022-2023-dla-dzieci-po-i-komunii-swietej\/IMG-20220511-WA0005.jpg\"\n               data-thumbnail=\"http:\/\/elzbieta.org\/wp-content\/gallery\/moj-rok-eucharystyczny-2022-2023-dla-dzieci-po-i-komunii-swietej\/thumbs\/thumbs_IMG-20220511-WA0005.jpg\"\n               data-image-id=\"4694\"\n               data-title=\"IMG-20220511-WA0005\"\n               data-description=\"\"\n               data-image-slug=\"img-20220511-wa0005\"\n               class=\"ngg-simplelightbox\" rel=\"925f048ad888137af0666ff77d92a98c\">\n                <img\n                    title=\"IMG-20220511-WA0005\"\n                    alt=\"IMG-20220511-WA0005\"\n                    src=\"http:\/\/elzbieta.org\/wp-content\/gallery\/moj-rok-eucharystyczny-2022-2023-dla-dzieci-po-i-komunii-swietej\/thumbs\/thumbs_IMG-20220511-WA0005.jpg\"\n                    width=\"240\"\n                    height=\"160\"\n                    style=\"max-width:100%;\"\n                \/>\n            <\/a>\n        <\/div>\n\t\t\t\t\t\t\t<\/div> \n\t\t\t\n\t\t\t\t<div id=\"ngg-image-8\" class=\"ngg-gallery-thumbnail-box \" >\n\t\t\t\t        <div class=\"ngg-gallery-thumbnail\">\n            <a href=\"http:\/\/elzbieta.org\/wp-content\/gallery\/moj-rok-eucharystyczny-2022-2023-dla-dzieci-po-i-komunii-swietej\/IMG-20220511-WA0006.jpg\"\n               title=\"\"\n               data-src=\"http:\/\/elzbieta.org\/wp-content\/gallery\/moj-rok-eucharystyczny-2022-2023-dla-dzieci-po-i-komunii-swietej\/IMG-20220511-WA0006.jpg\"\n               data-thumbnail=\"http:\/\/elzbieta.org\/wp-content\/gallery\/moj-rok-eucharystyczny-2022-2023-dla-dzieci-po-i-komunii-swietej\/thumbs\/thumbs_IMG-20220511-WA0006.jpg\"\n               data-image-id=\"4695\"\n               data-title=\"IMG-20220511-WA0006\"\n               data-description=\"\"\n               data-image-slug=\"img-20220511-wa0006\"\n               class=\"ngg-simplelightbox\" rel=\"925f048ad888137af0666ff77d92a98c\">\n                <img\n                    title=\"IMG-20220511-WA0006\"\n                    alt=\"IMG-20220511-WA0006\"\n                    src=\"http:\/\/elzbieta.org\/wp-content\/gallery\/moj-rok-eucharystyczny-2022-2023-dla-dzieci-po-i-komunii-swietej\/thumbs\/thumbs_IMG-20220511-WA0006.jpg\"\n                    width=\"240\"\n                    height=\"160\"\n                    style=\"max-width:100%;\"\n                \/>\n            <\/a>\n        <\/div>\n\t\t\t\t\t\t\t<\/div> \n\t\t\t\n\t\t\t\t<div id=\"ngg-image-9\" class=\"ngg-gallery-thumbnail-box \" >\n\t\t\t\t        <div class=\"ngg-gallery-thumbnail\">\n            <a href=\"http:\/\/elzbieta.org\/wp-content\/gallery\/moj-rok-eucharystyczny-2022-2023-dla-dzieci-po-i-komunii-swietej\/IMG-20220511-WA0007.jpg\"\n               title=\"\"\n               data-src=\"http:\/\/elzbieta.org\/wp-content\/gallery\/moj-rok-eucharystyczny-2022-2023-dla-dzieci-po-i-komunii-swietej\/IMG-20220511-WA0007.jpg\"\n               data-thumbnail=\"http:\/\/elzbieta.org\/wp-content\/gallery\/moj-rok-eucharystyczny-2022-2023-dla-dzieci-po-i-komunii-swietej\/thumbs\/thumbs_IMG-20220511-WA0007.jpg\"\n               data-image-id=\"4696\"\n               data-title=\"IMG-20220511-WA0007\"\n               data-description=\"\"\n               data-image-slug=\"img-20220511-wa0007\"\n               class=\"ngg-simplelightbox\" rel=\"925f048ad888137af0666ff77d92a98c\">\n                <img\n                    title=\"IMG-20220511-WA0007\"\n                    alt=\"IMG-20220511-WA0007\"\n                    src=\"http:\/\/elzbieta.org\/wp-content\/gallery\/moj-rok-eucharystyczny-2022-2023-dla-dzieci-po-i-komunii-swietej\/thumbs\/thumbs_IMG-20220511-WA0007.jpg\"\n                    width=\"240\"\n                    height=\"160\"\n                    style=\"max-width:100%;\"\n                \/>\n            <\/a>\n        <\/div>\n\t\t\t\t\t\t\t<\/div> \n\t\t\t\n\t\t\t\t<div id=\"ngg-image-10\" class=\"ngg-gallery-thumbnail-box \" >\n\t\t\t\t        <div class=\"ngg-gallery-thumbnail\">\n            <a href=\"http:\/\/elzbieta.org\/wp-content\/gallery\/moj-rok-eucharystyczny-2022-2023-dla-dzieci-po-i-komunii-swietej\/IMG-20220511-WA0008.jpg\"\n               title=\"\"\n               data-src=\"http:\/\/elzbieta.org\/wp-content\/gallery\/moj-rok-eucharystyczny-2022-2023-dla-dzieci-po-i-komunii-swietej\/IMG-20220511-WA0008.jpg\"\n               data-thumbnail=\"http:\/\/elzbieta.org\/wp-content\/gallery\/moj-rok-eucharystyczny-2022-2023-dla-dzieci-po-i-komunii-swietej\/thumbs\/thumbs_IMG-20220511-WA0008.jpg\"\n               data-image-id=\"4697\"\n               data-title=\"IMG-20220511-WA0008\"\n               data-description=\"\"\n               data-image-slug=\"img-20220511-wa0008\"\n               class=\"ngg-simplelightbox\" rel=\"925f048ad888137af0666ff77d92a98c\">\n                <img\n                    title=\"IMG-20220511-WA0008\"\n                    alt=\"IMG-20220511-WA0008\"\n                    src=\"http:\/\/elzbieta.org\/wp-content\/gallery\/moj-rok-eucharystyczny-2022-2023-dla-dzieci-po-i-komunii-swietej\/thumbs\/thumbs_IMG-20220511-WA0008.jpg\"\n                    width=\"240\"\n                    height=\"160\"\n                    style=\"max-width:100%;\"\n                \/>\n            <\/a>\n        <\/div>\n\t\t\t\t\t\t\t<\/div> \n\t\t\t\n\t\t\t\t<div id=\"ngg-image-11\" class=\"ngg-gallery-thumbnail-box \" >\n\t\t\t\t        <div class=\"ngg-gallery-thumbnail\">\n            <a href=\"http:\/\/elzbieta.org\/wp-content\/gallery\/moj-rok-eucharystyczny-2022-2023-dla-dzieci-po-i-komunii-swietej\/IMG-20220511-WA0009.jpg\"\n               title=\"\"\n               data-src=\"http:\/\/elzbieta.org\/wp-content\/gallery\/moj-rok-eucharystyczny-2022-2023-dla-dzieci-po-i-komunii-swietej\/IMG-20220511-WA0009.jpg\"\n               data-thumbnail=\"http:\/\/elzbieta.org\/wp-content\/gallery\/moj-rok-eucharystyczny-2022-2023-dla-dzieci-po-i-komunii-swietej\/thumbs\/thumbs_IMG-20220511-WA0009.jpg\"\n               data-image-id=\"4698\"\n               data-title=\"IMG-20220511-WA0009\"\n               data-description=\"\"\n               data-image-slug=\"img-20220511-wa0009\"\n               class=\"ngg-simplelightbox\" rel=\"925f048ad888137af0666ff77d92a98c\">\n                <img\n                    title=\"IMG-20220511-WA0009\"\n                    alt=\"IMG-20220511-WA0009\"\n                    src=\"http:\/\/elzbieta.org\/wp-content\/gallery\/moj-rok-eucharystyczny-2022-2023-dla-dzieci-po-i-komunii-swietej\/thumbs\/thumbs_IMG-20220511-WA0009.jpg\"\n                    width=\"240\"\n                    height=\"160\"\n                    style=\"max-width:100%;\"\n                \/>\n            <\/a>\n        <\/div>\n\t\t\t\t\t\t\t<\/div> \n\t\t\t\n\t\t\t\t<div id=\"ngg-image-12\" class=\"ngg-gallery-thumbnail-box \" >\n\t\t\t\t        <div class=\"ngg-gallery-thumbnail\">\n            <a href=\"http:\/\/elzbieta.org\/wp-content\/gallery\/moj-rok-eucharystyczny-2022-2023-dla-dzieci-po-i-komunii-swietej\/IMG-20220511-WA0010.jpg\"\n               title=\"\"\n               data-src=\"http:\/\/elzbieta.org\/wp-content\/gallery\/moj-rok-eucharystyczny-2022-2023-dla-dzieci-po-i-komunii-swietej\/IMG-20220511-WA0010.jpg\"\n               data-thumbnail=\"http:\/\/elzbieta.org\/wp-content\/gallery\/moj-rok-eucharystyczny-2022-2023-dla-dzieci-po-i-komunii-swietej\/thumbs\/thumbs_IMG-20220511-WA0010.jpg\"\n               data-image-id=\"4699\"\n               data-title=\"IMG-20220511-WA0010\"\n               data-description=\"\"\n               data-image-slug=\"img-20220511-wa0010\"\n               class=\"ngg-simplelightbox\" rel=\"925f048ad888137af0666ff77d92a98c\">\n                <img\n                    title=\"IMG-20220511-WA0010\"\n                    alt=\"IMG-20220511-WA0010\"\n                    src=\"http:\/\/elzbieta.org\/wp-content\/gallery\/moj-rok-eucharystyczny-2022-2023-dla-dzieci-po-i-komunii-swietej\/thumbs\/thumbs_IMG-20220511-WA0010.jpg\"\n                    width=\"240\"\n                    height=\"160\"\n                    style=\"max-width:100%;\"\n                \/>\n            <\/a>\n        <\/div>\n\t\t\t\t\t\t\t<\/div> \n\t\t\t\n\t\t\t\t<div id=\"ngg-image-13\" class=\"ngg-gallery-thumbnail-box \" >\n\t\t\t\t        <div class=\"ngg-gallery-thumbnail\">\n            <a href=\"http:\/\/elzbieta.org\/wp-content\/gallery\/moj-rok-eucharystyczny-2022-2023-dla-dzieci-po-i-komunii-swietej\/IMG-20220511-WA0011.jpg\"\n               title=\"\"\n               data-src=\"http:\/\/elzbieta.org\/wp-content\/gallery\/moj-rok-eucharystyczny-2022-2023-dla-dzieci-po-i-komunii-swietej\/IMG-20220511-WA0011.jpg\"\n               data-thumbnail=\"http:\/\/elzbieta.org\/wp-content\/gallery\/moj-rok-eucharystyczny-2022-2023-dla-dzieci-po-i-komunii-swietej\/thumbs\/thumbs_IMG-20220511-WA0011.jpg\"\n               data-image-id=\"4700\"\n               data-title=\"IMG-20220511-WA0011\"\n               data-description=\"\"\n               data-image-slug=\"img-20220511-wa0011\"\n               class=\"ngg-simplelightbox\" rel=\"925f048ad888137af0666ff77d92a98c\">\n                <img\n                    title=\"IMG-20220511-WA0011\"\n                    alt=\"IMG-20220511-WA0011\"\n                    src=\"http:\/\/elzbieta.org\/wp-content\/gallery\/moj-rok-eucharystyczny-2022-2023-dla-dzieci-po-i-komunii-swietej\/thumbs\/thumbs_IMG-20220511-WA0011.jpg\"\n                    width=\"240\"\n                    height=\"160\"\n                    style=\"max-width:100%;\"\n                \/>\n            <\/a>\n        <\/div>\n\t\t\t\t\t\t\t<\/div> \n\t\t\t\n\t\t\t\t<div id=\"ngg-image-14\" class=\"ngg-gallery-thumbnail-box \" >\n\t\t\t\t        <div class=\"ngg-gallery-thumbnail\">\n            <a href=\"http:\/\/elzbieta.org\/wp-content\/gallery\/moj-rok-eucharystyczny-2022-2023-dla-dzieci-po-i-komunii-swietej\/IMG-20220511-WA0012.jpg\"\n               title=\"\"\n               data-src=\"http:\/\/elzbieta.org\/wp-content\/gallery\/moj-rok-eucharystyczny-2022-2023-dla-dzieci-po-i-komunii-swietej\/IMG-20220511-WA0012.jpg\"\n               data-thumbnail=\"http:\/\/elzbieta.org\/wp-content\/gallery\/moj-rok-eucharystyczny-2022-2023-dla-dzieci-po-i-komunii-swietej\/thumbs\/thumbs_IMG-20220511-WA0012.jpg\"\n               data-image-id=\"4701\"\n               data-title=\"IMG-20220511-WA0012\"\n               data-description=\"\"\n               data-image-slug=\"img-20220511-wa0012\"\n               class=\"ngg-simplelightbox\" rel=\"925f048ad888137af0666ff77d92a98c\">\n                <img\n                    title=\"IMG-20220511-WA0012\"\n                    alt=\"IMG-20220511-WA0012\"\n                    src=\"http:\/\/elzbieta.org\/wp-content\/gallery\/moj-rok-eucharystyczny-2022-2023-dla-dzieci-po-i-komunii-swietej\/thumbs\/thumbs_IMG-20220511-WA0012.jpg\"\n                    width=\"240\"\n                    height=\"160\"\n                    style=\"max-width:100%;\"\n                \/>\n            <\/a>\n        <\/div>\n\t\t\t\t\t\t\t<\/div> \n\t\t\t\n\t\t\t\t<div id=\"ngg-image-15\" class=\"ngg-gallery-thumbnail-box \" >\n\t\t\t\t        <div class=\"ngg-gallery-thumbnail\">\n            <a href=\"http:\/\/elzbieta.org\/wp-content\/gallery\/moj-rok-eucharystyczny-2022-2023-dla-dzieci-po-i-komunii-swietej\/IMG-20220511-WA0013.jpg\"\n               title=\"\"\n               data-src=\"http:\/\/elzbieta.org\/wp-content\/gallery\/moj-rok-eucharystyczny-2022-2023-dla-dzieci-po-i-komunii-swietej\/IMG-20220511-WA0013.jpg\"\n               data-thumbnail=\"http:\/\/elzbieta.org\/wp-content\/gallery\/moj-rok-eucharystyczny-2022-2023-dla-dzieci-po-i-komunii-swietej\/thumbs\/thumbs_IMG-20220511-WA0013.jpg\"\n               data-image-id=\"4702\"\n               data-title=\"IMG-20220511-WA0013\"\n               data-description=\"\"\n               data-image-slug=\"img-20220511-wa0013\"\n               class=\"ngg-simplelightbox\" rel=\"925f048ad888137af0666ff77d92a98c\">\n                <img\n                    title=\"IMG-20220511-WA0013\"\n                    alt=\"IMG-20220511-WA0013\"\n                    src=\"http:\/\/elzbieta.org\/wp-content\/gallery\/moj-rok-eucharystyczny-2022-2023-dla-dzieci-po-i-komunii-swietej\/thumbs\/thumbs_IMG-20220511-WA0013.jpg\"\n                    width=\"240\"\n                    height=\"160\"\n                    style=\"max-width:100%;\"\n                \/>\n            <\/a>\n        <\/div>\n\t\t\t\t\t\t\t<\/div> \n\t\t\t\n\t\t\t\t<div id=\"ngg-image-16\" class=\"ngg-gallery-thumbnail-box \" >\n\t\t\t\t        <div class=\"ngg-gallery-thumbnail\">\n            <a href=\"http:\/\/elzbieta.org\/wp-content\/gallery\/moj-rok-eucharystyczny-2022-2023-dla-dzieci-po-i-komunii-swietej\/IMG-20220511-WA0014.jpg\"\n               title=\"\"\n               data-src=\"http:\/\/elzbieta.org\/wp-content\/gallery\/moj-rok-eucharystyczny-2022-2023-dla-dzieci-po-i-komunii-swietej\/IMG-20220511-WA0014.jpg\"\n               data-thumbnail=\"http:\/\/elzbieta.org\/wp-content\/gallery\/moj-rok-eucharystyczny-2022-2023-dla-dzieci-po-i-komunii-swietej\/thumbs\/thumbs_IMG-20220511-WA0014.jpg\"\n               data-image-id=\"4703\"\n               data-title=\"IMG-20220511-WA0014\"\n               data-description=\"\"\n               data-image-slug=\"img-20220511-wa0014\"\n               class=\"ngg-simplelightbox\" rel=\"925f048ad888137af0666ff77d92a98c\">\n                <img\n                    title=\"IMG-20220511-WA0014\"\n                    alt=\"IMG-20220511-WA0014\"\n                    src=\"http:\/\/elzbieta.org\/wp-content\/gallery\/moj-rok-eucharystyczny-2022-2023-dla-dzieci-po-i-komunii-swietej\/thumbs\/thumbs_IMG-20220511-WA0014.jpg\"\n                    width=\"240\"\n                    height=\"160\"\n                    style=\"max-width:100%;\"\n                \/>\n            <\/a>\n        <\/div>\n\t\t\t\t\t\t\t<\/div> \n\t\t\t\n\t\t\t\t<div id=\"ngg-image-17\" class=\"ngg-gallery-thumbnail-box \" >\n\t\t\t\t        <div class=\"ngg-gallery-thumbnail\">\n            <a href=\"http:\/\/elzbieta.org\/wp-content\/gallery\/moj-rok-eucharystyczny-2022-2023-dla-dzieci-po-i-komunii-swietej\/IMG-20220511-WA0015.jpg\"\n               title=\"\"\n               data-src=\"http:\/\/elzbieta.org\/wp-content\/gallery\/moj-rok-eucharystyczny-2022-2023-dla-dzieci-po-i-komunii-swietej\/IMG-20220511-WA0015.jpg\"\n               data-thumbnail=\"http:\/\/elzbieta.org\/wp-content\/gallery\/moj-rok-eucharystyczny-2022-2023-dla-dzieci-po-i-komunii-swietej\/thumbs\/thumbs_IMG-20220511-WA0015.jpg\"\n               data-image-id=\"4704\"\n               data-title=\"IMG-20220511-WA0015\"\n               data-description=\"\"\n               data-image-slug=\"img-20220511-wa0015\"\n               class=\"ngg-simplelightbox\" rel=\"925f048ad888137af0666ff77d92a98c\">\n                <img\n                    title=\"IMG-20220511-WA0015\"\n                    alt=\"IMG-20220511-WA0015\"\n                    src=\"http:\/\/elzbieta.org\/wp-content\/gallery\/moj-rok-eucharystyczny-2022-2023-dla-dzieci-po-i-komunii-swietej\/thumbs\/thumbs_IMG-20220511-WA0015.jpg\"\n                    width=\"240\"\n                    height=\"160\"\n                    style=\"max-width:100%;\"\n                \/>\n            <\/a>\n        <\/div>\n\t\t\t\t\t\t\t<\/div> \n\t\t\t\n\t\t\t\t<div id=\"ngg-image-18\" class=\"ngg-gallery-thumbnail-box \" >\n\t\t\t\t        <div class=\"ngg-gallery-thumbnail\">\n            <a href=\"http:\/\/elzbieta.org\/wp-content\/gallery\/moj-rok-eucharystyczny-2022-2023-dla-dzieci-po-i-komunii-swietej\/IMG-20220511-WA0016.jpg\"\n               title=\"\"\n               data-src=\"http:\/\/elzbieta.org\/wp-content\/gallery\/moj-rok-eucharystyczny-2022-2023-dla-dzieci-po-i-komunii-swietej\/IMG-20220511-WA0016.jpg\"\n               data-thumbnail=\"http:\/\/elzbieta.org\/wp-content\/gallery\/moj-rok-eucharystyczny-2022-2023-dla-dzieci-po-i-komunii-swietej\/thumbs\/thumbs_IMG-20220511-WA0016.jpg\"\n               data-image-id=\"4705\"\n               data-title=\"IMG-20220511-WA0016\"\n               data-description=\"\"\n               data-image-slug=\"img-20220511-wa0016\"\n               class=\"ngg-simplelightbox\" rel=\"925f048ad888137af0666ff77d92a98c\">\n                <img\n                    title=\"IMG-20220511-WA0016\"\n                    alt=\"IMG-20220511-WA0016\"\n                    src=\"http:\/\/elzbieta.org\/wp-content\/gallery\/moj-rok-eucharystyczny-2022-2023-dla-dzieci-po-i-komunii-swietej\/thumbs\/thumbs_IMG-20220511-WA0016.jpg\"\n                    width=\"240\"\n                    height=\"160\"\n                    style=\"max-width:100%;\"\n                \/>\n            <\/a>\n        <\/div>\n\t\t\t\t\t\t\t<\/div> \n\t\t\t\n\t\t\t\t<div id=\"ngg-image-19\" class=\"ngg-gallery-thumbnail-box \" >\n\t\t\t\t        <div class=\"ngg-gallery-thumbnail\">\n            <a href=\"http:\/\/elzbieta.org\/wp-content\/gallery\/moj-rok-eucharystyczny-2022-2023-dla-dzieci-po-i-komunii-swietej\/IMG-20220511-WA0018.jpg\"\n               title=\"\"\n               data-src=\"http:\/\/elzbieta.org\/wp-content\/gallery\/moj-rok-eucharystyczny-2022-2023-dla-dzieci-po-i-komunii-swietej\/IMG-20220511-WA0018.jpg\"\n               data-thumbnail=\"http:\/\/elzbieta.org\/wp-content\/gallery\/moj-rok-eucharystyczny-2022-2023-dla-dzieci-po-i-komunii-swietej\/thumbs\/thumbs_IMG-20220511-WA0018.jpg\"\n               data-image-id=\"4707\"\n               data-title=\"IMG-20220511-WA0018\"\n               data-description=\"\"\n               data-image-slug=\"img-20220511-wa0018\"\n               class=\"ngg-simplelightbox\" rel=\"925f048ad888137af0666ff77d92a98c\">\n                <img\n                    title=\"IMG-20220511-WA0018\"\n                    alt=\"IMG-20220511-WA0018\"\n                    src=\"http:\/\/elzbieta.org\/wp-content\/gallery\/moj-rok-eucharystyczny-2022-2023-dla-dzieci-po-i-komunii-swietej\/thumbs\/thumbs_IMG-20220511-WA0018.jpg\"\n                    width=\"240\"\n                    height=\"160\"\n                    style=\"max-width:100%;\"\n                \/>\n            <\/a>\n        <\/div>\n\t\t\t\t\t\t\t<\/div> \n\t\t\t\n\t\t\t\t<div id=\"ngg-image-20\" class=\"ngg-gallery-thumbnail-box \" >\n\t\t\t\t        <div class=\"ngg-gallery-thumbnail\">\n            <a href=\"http:\/\/elzbieta.org\/wp-content\/gallery\/moj-rok-eucharystyczny-2022-2023-dla-dzieci-po-i-komunii-swietej\/IMG-20220511-WA0022.jpg\"\n               title=\"\"\n               data-src=\"http:\/\/elzbieta.org\/wp-content\/gallery\/moj-rok-eucharystyczny-2022-2023-dla-dzieci-po-i-komunii-swietej\/IMG-20220511-WA0022.jpg\"\n               data-thumbnail=\"http:\/\/elzbieta.org\/wp-content\/gallery\/moj-rok-eucharystyczny-2022-2023-dla-dzieci-po-i-komunii-swietej\/thumbs\/thumbs_IMG-20220511-WA0022.jpg\"\n               data-image-id=\"4711\"\n               data-title=\"IMG-20220511-WA0022\"\n               data-description=\"\"\n               data-image-slug=\"img-20220511-wa0022\"\n               class=\"ngg-simplelightbox\" rel=\"925f048ad888137af0666ff77d92a98c\">\n                <img\n                    title=\"IMG-20220511-WA0022\"\n                    alt=\"IMG-20220511-WA0022\"\n                    src=\"http:\/\/elzbieta.org\/wp-content\/gallery\/moj-rok-eucharystyczny-2022-2023-dla-dzieci-po-i-komunii-swietej\/thumbs\/thumbs_IMG-20220511-WA0022.jpg\"\n                    width=\"240\"\n                    height=\"160\"\n                    style=\"max-width:100%;\"\n                \/>\n            <\/a>\n        <\/div>\n\t\t\t\t\t\t\t<\/div> \n\t\t\t\n\t\t\t\t<div id=\"ngg-image-21\" class=\"ngg-gallery-thumbnail-box \" >\n\t\t\t\t        <div class=\"ngg-gallery-thumbnail\">\n            <a href=\"http:\/\/elzbieta.org\/wp-content\/gallery\/moj-rok-eucharystyczny-2022-2023-dla-dzieci-po-i-komunii-swietej\/IMG-20220511-WA0024.jpg\"\n               title=\"\"\n               data-src=\"http:\/\/elzbieta.org\/wp-content\/gallery\/moj-rok-eucharystyczny-2022-2023-dla-dzieci-po-i-komunii-swietej\/IMG-20220511-WA0024.jpg\"\n               data-thumbnail=\"http:\/\/elzbieta.org\/wp-content\/gallery\/moj-rok-eucharystyczny-2022-2023-dla-dzieci-po-i-komunii-swietej\/thumbs\/thumbs_IMG-20220511-WA0024.jpg\"\n               data-image-id=\"4713\"\n               data-title=\"IMG-20220511-WA0024\"\n               data-description=\"\"\n               data-image-slug=\"img-20220511-wa0024\"\n               class=\"ngg-simplelightbox\" rel=\"925f048ad888137af0666ff77d92a98c\">\n                <img\n                    title=\"IMG-20220511-WA0024\"\n                    alt=\"IMG-20220511-WA0024\"\n                    src=\"http:\/\/elzbieta.org\/wp-content\/gallery\/moj-rok-eucharystyczny-2022-2023-dla-dzieci-po-i-komunii-swietej\/thumbs\/thumbs_IMG-20220511-WA0024.jpg\"\n                    width=\"240\"\n                    height=\"160\"\n                    style=\"max-width:100%;\"\n                \/>\n            <\/a>\n        <\/div>\n\t\t\t\t\t\t\t<\/div> \n\t\t\t\n\t\t\t\t<div id=\"ngg-image-22\" class=\"ngg-gallery-thumbnail-box \" >\n\t\t\t\t        <div class=\"ngg-gallery-thumbnail\">\n            <a href=\"http:\/\/elzbieta.org\/wp-content\/gallery\/moj-rok-eucharystyczny-2022-2023-dla-dzieci-po-i-komunii-swietej\/IMG-20220511-WA0030.jpg\"\n               title=\"\"\n               data-src=\"http:\/\/elzbieta.org\/wp-content\/gallery\/moj-rok-eucharystyczny-2022-2023-dla-dzieci-po-i-komunii-swietej\/IMG-20220511-WA0030.jpg\"\n               data-thumbnail=\"http:\/\/elzbieta.org\/wp-content\/gallery\/moj-rok-eucharystyczny-2022-2023-dla-dzieci-po-i-komunii-swietej\/thumbs\/thumbs_IMG-20220511-WA0030.jpg\"\n               data-image-id=\"4719\"\n               data-title=\"IMG-20220511-WA0030\"\n               data-description=\"\"\n               data-image-slug=\"img-20220511-wa0030\"\n               class=\"ngg-simplelightbox\" rel=\"925f048ad888137af0666ff77d92a98c\">\n                <img\n                    title=\"IMG-20220511-WA0030\"\n                    alt=\"IMG-20220511-WA0030\"\n                    src=\"http:\/\/elzbieta.org\/wp-content\/gallery\/moj-rok-eucharystyczny-2022-2023-dla-dzieci-po-i-komunii-swietej\/thumbs\/thumbs_IMG-20220511-WA0030.jpg\"\n                    width=\"240\"\n                    height=\"160\"\n                    style=\"max-width:100%;\"\n                \/>\n            <\/a>\n        <\/div>\n\t\t\t\t\t\t\t<\/div> \n\t\t\t\n\t\t\t\t<div id=\"ngg-image-23\" class=\"ngg-gallery-thumbnail-box \" >\n\t\t\t\t        <div class=\"ngg-gallery-thumbnail\">\n            <a href=\"http:\/\/elzbieta.org\/wp-content\/gallery\/moj-rok-eucharystyczny-2022-2023-dla-dzieci-po-i-komunii-swietej\/IMG-20220511-WA0031.jpg\"\n               title=\"\"\n               data-src=\"http:\/\/elzbieta.org\/wp-content\/gallery\/moj-rok-eucharystyczny-2022-2023-dla-dzieci-po-i-komunii-swietej\/IMG-20220511-WA0031.jpg\"\n               data-thumbnail=\"http:\/\/elzbieta.org\/wp-content\/gallery\/moj-rok-eucharystyczny-2022-2023-dla-dzieci-po-i-komunii-swietej\/thumbs\/thumbs_IMG-20220511-WA0031.jpg\"\n               data-image-id=\"4720\"\n               data-title=\"IMG-20220511-WA0031\"\n               data-description=\"\"\n               data-image-slug=\"img-20220511-wa0031\"\n               class=\"ngg-simplelightbox\" rel=\"925f048ad888137af0666ff77d92a98c\">\n                <img\n                    title=\"IMG-20220511-WA0031\"\n                    alt=\"IMG-20220511-WA0031\"\n                    src=\"http:\/\/elzbieta.org\/wp-content\/gallery\/moj-rok-eucharystyczny-2022-2023-dla-dzieci-po-i-komunii-swietej\/thumbs\/thumbs_IMG-20220511-WA0031.jpg\"\n                    width=\"240\"\n                    height=\"160\"\n                    style=\"max-width:100%;\"\n                \/>\n            <\/a>\n        <\/div>\n\t\t\t\t\t\t\t<\/div> \n\t\t\t\n\t\n\t<br style=\"clear: both\" \/>\n\n\t\n\t\t<!-- Pagination -->\n\t<div class='ngg-clear'><\/div>\t<\/div>\nW niedziel\u0119, 8 maja 2022 r. dzieci ze Szko\u0142y Podstawowej nr 97 przyst\u0105pi\u0142y do I Komunii \u015awi\u0119tej.<\/div>\n<\/div>\n<div class=\"cxmmr5t8 oygrvhab hcukyx3x c1et5uql o9v6fnle ii04i59q\">\n<div dir=\"auto\">W poniedzia\u0142ek, 9 maja w pierwszy dzie\u0144 Bia\u0142ego Tygodnia dzieci rozpocz\u0119\u0142y sw\u00f3j Rok Eucharystyczny 2022\/2023. B\u0119dzie on trwa\u0142 do rocznicy I Komunii \u015awi\u0119tej.<\/div>\n<div dir=\"auto\">Jest to projekt, kt\u00f3rego ide\u0105 jest anga\u017cowanie dzieci w \u017cycie religijne i troszczenie si\u0119 o ich relacj\u0119 z Panem Jezusem. Pragniemy, by ten uroczysty czas przygotowania do I Komunii \u015awi\u0119tej nie zako\u0144czy\u0142 si\u0119 po uroczysto\u015bci pierwszokomunijnej.<\/div>\n<div dir=\"auto\">Ksi\u0105dz Proboszcz wr\u0119czy\u0142 dzieciom specjalny okoliczno\u015bciowy wydruk zawieraj\u0105cy nie tylko program Roku Eucharystycznego ale w nim te\u017c dzieci sk\u0142adaj\u0105 swoje osobiste obietnice troszczenia si\u0119 o przyja\u017a\u0144 z Panem Jezusem.<\/div>\n<\/div>\n","protected":false},"excerpt":{"rendered":"<p>W niedziel\u0119, 8 maja 2022 r. dzieci ze Szko\u0142y Podstawowej nr 97 przyst\u0105pi\u0142y do I Komunii \u015awi\u0119tej. W poniedzia\u0142ek, 9 maja w pierwszy dzie\u0144 Bia\u0142ego Tygodnia dzieci rozpocz\u0119\u0142y sw\u00f3j Rok Eucharystyczny 2022\/2023. B\u0119dzie on trwa\u0142 do rocznicy I Komunii \u015awi\u0119tej. Jest to projekt, kt\u00f3rego ide\u0105 jest anga\u017cowanie dzieci w \u017cycie religijne i troszczenie si\u0119 o [&hellip;]<\/p>\n","protected":false},"author":2,"featured_media":16835,"comment_status":"closed","ping_status":"open","sticky":false,"template":"","format":"standard","meta":{"ngg_post_thumbnail":0},"categories":[2],"tags":[],"_links":{"self":[{"href":"http:\/\/elzbieta.org\/index.php?rest_route=\/wp\/v2\/posts\/16834"}],"collection":[{"href":"http:\/\/elzbieta.org\/index.php?rest_route=\/wp\/v2\/posts"}],"about":[{"href":"http:\/\/elzbieta.org\/index.php?rest_route=\/wp\/v2\/types\/post"}],"author":[{"embeddable":true,"href":"http:\/\/elzbieta.org\/index.php?rest_route=\/wp\/v2\/users\/2"}],"replies":[{"embeddable":true,"href":"http:\/\/elzbieta.org\/index.php?rest_route=%2Fwp%2Fv2%2Fcomments&post=16834"}],"version-history":[{"count":4,"href":"http:\/\/elzbieta.org\/index.php?rest_route=\/wp\/v2\/posts\/16834\/revisions"}],"predecessor-version":[{"id":16874,"href":"http:\/\/elzbieta.org\/index.php?rest_route=\/wp\/v2\/posts\/16834\/revisions\/16874"}],"wp:featuredmedia":[{"embeddable":true,"href":"http:\/\/elzbieta.org\/index.php?rest_route=\/wp\/v2\/media\/16835"}],"wp:attachment":[{"href":"http:\/\/elzbieta.org\/index.php?rest_route=%2Fwp%2Fv2%2Fmedia&parent=16834"}],"wp:term":[{"taxonomy":"category","embeddable":true,"href":"http:\/\/elzbieta.org\/index.php?rest_route=%2Fwp%2Fv2%2Fcategories&post=16834"},{"taxonomy":"post_tag","embeddable":true,"href":"http:\/\/elzbieta.org\/index.php?rest_route=%2Fwp%2Fv2%2Ftags&post=16834"}],"curies":[{"name":"wp","href":"https:\/\/api.w.org\/{rel}","templated":true}]}}