{"id":7040,"date":"2017-05-27T12:25:24","date_gmt":"2017-05-27T10:25:24","guid":{"rendered":"http:\/\/elzbieta.org\/?p=7040"},"modified":"2017-06-12T15:37:26","modified_gmt":"2017-06-12T13:37:26","slug":"czuwanie-przed-zeslaniem-ducha-swietego-sobota-3-czerwca-2017","status":"publish","type":"post","link":"http:\/\/elzbieta.org\/?p=7040","title":{"rendered":"Czuwanie przed zes\u0142aniem Ducha \u015awi\u0119tego, 3 czerwca 2017"},"content":{"rendered":"<p style=\"text-align: justify;\">W niedziel\u0119, 4 czerwca, \u00a0obchodzimy uroczysto\u015b\u0107 \u00a0Zes\u0142ania Ducha \u015awi\u0119tego. \u015awi\u0119towanie Zes\u0142ania Ducha \u015awi\u0119tego rozpoczniemy czuwaniem modlitewnym w sobotni wiecz\u00f3r. Pragniemy i oczekujemy, aby Duch \u015awi\u0119ty zst\u0105pi\u0142 na nas z now\u0105 moc\u0105. Chcemy szeroko otworzy\u0107 drzwi naszych serc, aby Duch \u015awi\u0119ty w nas zamieszka\u0142, aby nas przemienia\u0142 i prowadzi\u0142. Wszystkich Parafian gor\u0105co zach\u0119camy i serdecznie zapraszamy do udzia\u0142u w parafialnym czuwaniu w sobotni wiecz\u00f3r.<\/p>\n<p>&nbsp;<\/p>\n<p style=\"text-align: justify;\">\u00a0\u00a0\u00a0 Sobotnia Msza \u015bw. wieczorna b\u0119dzie ju\u017c pierwsz\u0105 Msz\u0105 \u015bw. Niedzieli Zes\u0142ania Ducha \u015awi\u0119tego i otworzy drzwi naszej parafii na przyj\u015bcie Ducha \u015awi\u0119tego.<\/p>\n<p style=\"text-align: justify;\">\u00a0\u00a0\u00a0 Bezpo\u015brednio po Mszy \u015bw. b\u0119dzie nabo\u017ce\u0144stwo r\u00f3\u017ca\u0144cowe. Wraz z Maryj\u0105, Matk\u0105 Ko\u015bcio\u0142a b\u0119dziemy si\u0119 modli\u0107 o \u015bwiat\u0142o i moc Ducha \u015awi\u0119tego dla wszystkich grup i wsp\u00f3lnot naszej parafii, aby\u015bmy potrafili skutecznie prowadzi\u0107 dzie\u0142o nowej ewangelizacji i przekaza\u0107 \u017cyw\u0105 wiar\u0119 m\u0142odemu pokoleniu.<\/p>\n<p style=\"text-align: justify;\">\u00a0\u00a0\u00a0 O godz. 20.00 \u2013 na modlitewne czuwanie zgromadzi si\u0119 m\u0142odzie\u017c \u2013 nadzieja parafii i Ko\u015bcio\u0142a. Serdecznie zapraszamy gimnazjalist\u00f3w i uczni\u00f3w szk\u00f3\u0142 ponadgimnazjalnych, m\u0142odzie\u017c akademick\u0105 i pracuj\u0105c\u0105. Wszyscy m\u0142odzi naszej parafii b\u0119d\u0105 szczeg\u00f3lnie oczekiwani, poniewa\u017c Duch \u015awi\u0119ty chce swoimi darami nape\u0142ni\u0107 przede wszystkim serca ludzi m\u0142odych.<\/p>\n<p style=\"text-align: justify;\">\u00a0\u00a0\u00a0 O godz. 21.00 modlitw\u0105 Apelu Jasnog\u00f3rskiego swoje czuwanie rozpoczn\u0105 rodziny naszej parafii. Serdecznie zapraszamy wszystkie ma\u0142\u017ce\u0144stwa i rodziny, te nowe, niedawno powsta\u0142e i te, kt\u00f3re maj\u0105 ju\u017c pewien sta\u017c rodzinnego \u017cycia. B\u0119dziemy prosi\u0107 Ducha \u015awi\u0119tego, aby ma\u0142\u017conkom udzieli\u0142 daru jedno\u015bci i pi\u0119knej mi\u0142o\u015bci, aby rodzicom da\u0142 umiej\u0119tno\u015b\u0107 dobrego wychowania dzieci, aby dzieci nape\u0142ni\u0142 wdzi\u0119czno\u015bci\u0105 i szacunkiem dla rodzic\u00f3w.<\/p>\n<p style=\"text-align: justify;\">\u00a0\u00a0\u00a0 O godz. 22.00 czuwanie rozpocznie wsp\u00f3lnota Odnowy w Duchu \u015awi\u0119tym. B\u0119dzie to modlitwa do Ducha \u015awi\u0119tego za ca\u0142\u0105 parafi\u0119 \u2013 o dar prawdziwej odnowy wiary, o powr\u00f3t do jej korzeni, o entuzjazm Ko\u015bcio\u0142a pierwszych wiek\u00f3w, o \u015bwiat\u0142o w dziele ewangelizacji. B\u0119dziemy prosi\u0107 Ducha \u015awi\u0119tego o rozw\u00f3j grup i wsp\u00f3lnot parafialnych oraz o ich nowy zapa\u0142 ewangelizacyjny.<\/p>\n<p style=\"text-align: justify;\">\u00a0\u00a0\u00a0 Szczytowym wydarzeniem parafialnego czuwania Pi\u0119\u0107dziesi\u0105tnicy b\u0119dzie Msza \u015bw. o p\u00f3\u0142nocy. Nasze nocne zgromadzenie liturgiczne b\u0119dzie wymownym znakiem ognia Ducha \u015awi\u0119tego i gotowo\u015bci chodzenia w jego blasku. Wszystkich wytrwa\u0142ych (i Nikodem\u00f3w) zapraszamy na godz. 24.00.<\/p>\n","protected":false},"excerpt":{"rendered":"<p>W niedziel\u0119, 4 czerwca, \u00a0obchodzimy uroczysto\u015b\u0107 \u00a0Zes\u0142ania Ducha \u015awi\u0119tego. \u015awi\u0119towanie Zes\u0142ania Ducha \u015awi\u0119tego rozpoczniemy czuwaniem modlitewnym w sobotni wiecz\u00f3r. Pragniemy i oczekujemy, aby Duch \u015awi\u0119ty zst\u0105pi\u0142 na nas z now\u0105 moc\u0105. Chcemy szeroko otworzy\u0107 drzwi naszych serc, aby Duch \u015awi\u0119ty w nas zamieszka\u0142, aby nas przemienia\u0142 i prowadzi\u0142. Wszystkich Parafian gor\u0105co zach\u0119camy i serdecznie zapraszamy [&hellip;]<\/p>\n","protected":false},"author":2,"featured_media":7042,"comment_status":"closed","ping_status":"open","sticky":false,"template":"","format":"standard","meta":{"ngg_post_thumbnail":0},"categories":[2],"tags":[],"_links":{"self":[{"href":"http:\/\/elzbieta.org\/index.php?rest_route=\/wp\/v2\/posts\/7040"}],"collection":[{"href":"http:\/\/elzbieta.org\/index.php?rest_route=\/wp\/v2\/posts"}],"about":[{"href":"http:\/\/elzbieta.org\/index.php?rest_route=\/wp\/v2\/types\/post"}],"author":[{"embeddable":true,"href":"http:\/\/elzbieta.org\/index.php?rest_route=\/wp\/v2\/users\/2"}],"replies":[{"embeddable":true,"href":"http:\/\/elzbieta.org\/index.php?rest_route=%2Fwp%2Fv2%2Fcomments&post=7040"}],"version-history":[{"count":0,"href":"http:\/\/elzbieta.org\/index.php?rest_route=\/wp\/v2\/posts\/7040\/revisions"}],"wp:featuredmedia":[{"embeddable":true,"href":"http:\/\/elzbieta.org\/index.php?rest_route=\/wp\/v2\/media\/7042"}],"wp:attachment":[{"href":"http:\/\/elzbieta.org\/index.php?rest_route=%2Fwp%2Fv2%2Fmedia&parent=7040"}],"wp:term":[{"taxonomy":"category","embeddable":true,"href":"http:\/\/elzbieta.org\/index.php?rest_route=%2Fwp%2Fv2%2Fcategories&post=7040"},{"taxonomy":"post_tag","embeddable":true,"href":"http:\/\/elzbieta.org\/index.php?rest_route=%2Fwp%2Fv2%2Ftags&post=7040"}],"curies":[{"name":"wp","href":"https:\/\/api.w.org\/{rel}","templated":true}]}}