{"id":7153,"date":"2017-05-28T23:53:13","date_gmt":"2017-05-28T21:53:13","guid":{"rendered":"http:\/\/elzbieta.org\/?p=7153"},"modified":"2017-05-28T23:57:42","modified_gmt":"2017-05-28T21:57:42","slug":"pielgrzymka-dzieci-pierwszokomunijnych-do-wambierzyc-27-05-2017","status":"publish","type":"post","link":"http:\/\/elzbieta.org\/?p=7153","title":{"rendered":"Pielgrzymka dzieci pierwszokomunijnych do Wambierzyc, 27.05.2017"},"content":{"rendered":"<p style=\"text-align: justify;\">W sobot\u0119, 27 maja 2017 r., grupa dzieci pierwszokomunijnych wraz z rodzinami oraz ksi\u0105dz proboszcz i katecheci uczestniczyli w pielgrzymce dzi\u0119kczynnej do Wambierzyc.<\/p>\n<p>\n<div class=\"ngg-galleryoverview\" id=\"ngg-gallery-7156-7153\">\n\n\t<!-- Slideshow link -->\n\t<div class=\"slideshowlink\">\n\t\t<a class=\"slideshowlink\" href=\"http:\/\/elzbieta.org\/index.php\/nggallery\/slideshow?p=7153\">\n\t\t\t[Pokaz zdj\u0119\u0107]\t\t<\/a>\n\t<\/div>\n\n\t<!-- Thumbnails -->\n    \t\t\n\t<div id=\"ngg-image-2384\" class=\"ngg-gallery-thumbnail-box\"  >\n\t\t<div class=\"ngg-gallery-thumbnail\" >\n\t\t\t<a href=\"http:\/\/elzbieta.org\/wp-content\/gallery\/Pielgrzymka-dzieci-pierwszokomunijnycg-do-Wambierzyc%2C-27-maja-2017\/DSC_0248.JPG\"\n               title=\" \"\n               class=\"ngg-simplelightbox\" rel=\"7156\" data-image-id=\"2384\" data-src=\"http:\/\/elzbieta.org\/wp-content\/gallery\/Pielgrzymka-dzieci-pierwszokomunijnycg-do-Wambierzyc%2C-27-maja-2017\/DSC_0248.JPG\" data-thumbnail=\"http:\/\/elzbieta.org\/wp-content\/gallery\/Pielgrzymka-dzieci-pierwszokomunijnycg-do-Wambierzyc%2C-27-maja-2017\/thumbs\/thumbs_DSC_0248.JPG\" data-title=\"DSC_0248\" data-description=\" \" >\n\t\t\t\t\t\t\t\t<img title=\"DSC_0248\" alt=\"DSC_0248\" src=\"http:\/\/elzbieta.org\/wp-content\/gallery\/Pielgrzymka-dzieci-pierwszokomunijnycg-do-Wambierzyc%2C-27-maja-2017\/thumbs\/thumbs_DSC_0248.JPG\" width='240' height='160' \/>\n\t\t\t\t\t\t\t<\/a>\n\t\t<\/div>\n\t<\/div>\n\n            \n \t\t\n\t<div id=\"ngg-image-2385\" class=\"ngg-gallery-thumbnail-box\"  >\n\t\t<div class=\"ngg-gallery-thumbnail\" >\n\t\t\t<a href=\"http:\/\/elzbieta.org\/wp-content\/gallery\/Pielgrzymka-dzieci-pierwszokomunijnycg-do-Wambierzyc%2C-27-maja-2017\/DSC_0249.JPG\"\n               title=\" \"\n               class=\"ngg-simplelightbox\" rel=\"7156\" data-image-id=\"2385\" data-src=\"http:\/\/elzbieta.org\/wp-content\/gallery\/Pielgrzymka-dzieci-pierwszokomunijnycg-do-Wambierzyc%2C-27-maja-2017\/DSC_0249.JPG\" data-thumbnail=\"http:\/\/elzbieta.org\/wp-content\/gallery\/Pielgrzymka-dzieci-pierwszokomunijnycg-do-Wambierzyc%2C-27-maja-2017\/thumbs\/thumbs_DSC_0249.JPG\" data-title=\"DSC_0249\" data-description=\" \" >\n\t\t\t\t\t\t\t\t<img title=\"DSC_0249\" alt=\"DSC_0249\" src=\"http:\/\/elzbieta.org\/wp-content\/gallery\/Pielgrzymka-dzieci-pierwszokomunijnycg-do-Wambierzyc%2C-27-maja-2017\/thumbs\/thumbs_DSC_0249.JPG\" width='240' height='160' \/>\n\t\t\t\t\t\t\t<\/a>\n\t\t<\/div>\n\t<\/div>\n\n            \n \t\t\n\t<div id=\"ngg-image-2386\" class=\"ngg-gallery-thumbnail-box\"  >\n\t\t<div class=\"ngg-gallery-thumbnail\" >\n\t\t\t<a href=\"http:\/\/elzbieta.org\/wp-content\/gallery\/Pielgrzymka-dzieci-pierwszokomunijnycg-do-Wambierzyc%2C-27-maja-2017\/DSC_0250.JPG\"\n               title=\" \"\n               class=\"ngg-simplelightbox\" rel=\"7156\" data-image-id=\"2386\" data-src=\"http:\/\/elzbieta.org\/wp-content\/gallery\/Pielgrzymka-dzieci-pierwszokomunijnycg-do-Wambierzyc%2C-27-maja-2017\/DSC_0250.JPG\" data-thumbnail=\"http:\/\/elzbieta.org\/wp-content\/gallery\/Pielgrzymka-dzieci-pierwszokomunijnycg-do-Wambierzyc%2C-27-maja-2017\/thumbs\/thumbs_DSC_0250.JPG\" data-title=\"DSC_0250\" data-description=\" \" >\n\t\t\t\t\t\t\t\t<img title=\"DSC_0250\" alt=\"DSC_0250\" src=\"http:\/\/elzbieta.org\/wp-content\/gallery\/Pielgrzymka-dzieci-pierwszokomunijnycg-do-Wambierzyc%2C-27-maja-2017\/thumbs\/thumbs_DSC_0250.JPG\" width='240' height='160' \/>\n\t\t\t\t\t\t\t<\/a>\n\t\t<\/div>\n\t<\/div>\n\n            \n \t\t\n\t<div id=\"ngg-image-2387\" class=\"ngg-gallery-thumbnail-box\"  >\n\t\t<div class=\"ngg-gallery-thumbnail\" >\n\t\t\t<a href=\"http:\/\/elzbieta.org\/wp-content\/gallery\/Pielgrzymka-dzieci-pierwszokomunijnycg-do-Wambierzyc%2C-27-maja-2017\/DSC_0258.JPG\"\n               title=\" \"\n               class=\"ngg-simplelightbox\" rel=\"7156\" data-image-id=\"2387\" data-src=\"http:\/\/elzbieta.org\/wp-content\/gallery\/Pielgrzymka-dzieci-pierwszokomunijnycg-do-Wambierzyc%2C-27-maja-2017\/DSC_0258.JPG\" data-thumbnail=\"http:\/\/elzbieta.org\/wp-content\/gallery\/Pielgrzymka-dzieci-pierwszokomunijnycg-do-Wambierzyc%2C-27-maja-2017\/thumbs\/thumbs_DSC_0258.JPG\" data-title=\"DSC_0258\" data-description=\" \" >\n\t\t\t\t\t\t\t\t<img title=\"DSC_0258\" alt=\"DSC_0258\" src=\"http:\/\/elzbieta.org\/wp-content\/gallery\/Pielgrzymka-dzieci-pierwszokomunijnycg-do-Wambierzyc%2C-27-maja-2017\/thumbs\/thumbs_DSC_0258.JPG\" width='240' height='160' \/>\n\t\t\t\t\t\t\t<\/a>\n\t\t<\/div>\n\t<\/div>\n\n            \n \t\t\n\t<div id=\"ngg-image-2388\" class=\"ngg-gallery-thumbnail-box\"  >\n\t\t<div class=\"ngg-gallery-thumbnail\" >\n\t\t\t<a href=\"http:\/\/elzbieta.org\/wp-content\/gallery\/Pielgrzymka-dzieci-pierwszokomunijnycg-do-Wambierzyc%2C-27-maja-2017\/DSC_0260.JPG\"\n               title=\" \"\n               class=\"ngg-simplelightbox\" rel=\"7156\" data-image-id=\"2388\" data-src=\"http:\/\/elzbieta.org\/wp-content\/gallery\/Pielgrzymka-dzieci-pierwszokomunijnycg-do-Wambierzyc%2C-27-maja-2017\/DSC_0260.JPG\" data-thumbnail=\"http:\/\/elzbieta.org\/wp-content\/gallery\/Pielgrzymka-dzieci-pierwszokomunijnycg-do-Wambierzyc%2C-27-maja-2017\/thumbs\/thumbs_DSC_0260.JPG\" data-title=\"DSC_0260\" data-description=\" \" >\n\t\t\t\t\t\t\t\t<img title=\"DSC_0260\" alt=\"DSC_0260\" src=\"http:\/\/elzbieta.org\/wp-content\/gallery\/Pielgrzymka-dzieci-pierwszokomunijnycg-do-Wambierzyc%2C-27-maja-2017\/thumbs\/thumbs_DSC_0260.JPG\" width='240' height='160' \/>\n\t\t\t\t\t\t\t<\/a>\n\t\t<\/div>\n\t<\/div>\n\n            \n \t\t\n\t<div id=\"ngg-image-2389\" class=\"ngg-gallery-thumbnail-box\"  >\n\t\t<div class=\"ngg-gallery-thumbnail\" >\n\t\t\t<a href=\"http:\/\/elzbieta.org\/wp-content\/gallery\/Pielgrzymka-dzieci-pierwszokomunijnycg-do-Wambierzyc%2C-27-maja-2017\/DSC_0261.JPG\"\n               title=\" \"\n               class=\"ngg-simplelightbox\" rel=\"7156\" data-image-id=\"2389\" data-src=\"http:\/\/elzbieta.org\/wp-content\/gallery\/Pielgrzymka-dzieci-pierwszokomunijnycg-do-Wambierzyc%2C-27-maja-2017\/DSC_0261.JPG\" data-thumbnail=\"http:\/\/elzbieta.org\/wp-content\/gallery\/Pielgrzymka-dzieci-pierwszokomunijnycg-do-Wambierzyc%2C-27-maja-2017\/thumbs\/thumbs_DSC_0261.JPG\" data-title=\"DSC_0261\" data-description=\" \" >\n\t\t\t\t\t\t\t\t<img title=\"DSC_0261\" alt=\"DSC_0261\" src=\"http:\/\/elzbieta.org\/wp-content\/gallery\/Pielgrzymka-dzieci-pierwszokomunijnycg-do-Wambierzyc%2C-27-maja-2017\/thumbs\/thumbs_DSC_0261.JPG\" width='240' height='160' \/>\n\t\t\t\t\t\t\t<\/a>\n\t\t<\/div>\n\t<\/div>\n\n            \n \t\t\n\t<div id=\"ngg-image-2390\" class=\"ngg-gallery-thumbnail-box\"  >\n\t\t<div class=\"ngg-gallery-thumbnail\" >\n\t\t\t<a href=\"http:\/\/elzbieta.org\/wp-content\/gallery\/Pielgrzymka-dzieci-pierwszokomunijnycg-do-Wambierzyc%2C-27-maja-2017\/DSC_0266.JPG\"\n               title=\" \"\n               class=\"ngg-simplelightbox\" rel=\"7156\" data-image-id=\"2390\" data-src=\"http:\/\/elzbieta.org\/wp-content\/gallery\/Pielgrzymka-dzieci-pierwszokomunijnycg-do-Wambierzyc%2C-27-maja-2017\/DSC_0266.JPG\" data-thumbnail=\"http:\/\/elzbieta.org\/wp-content\/gallery\/Pielgrzymka-dzieci-pierwszokomunijnycg-do-Wambierzyc%2C-27-maja-2017\/thumbs\/thumbs_DSC_0266.JPG\" data-title=\"DSC_0266\" data-description=\" \" >\n\t\t\t\t\t\t\t\t<img title=\"DSC_0266\" alt=\"DSC_0266\" src=\"http:\/\/elzbieta.org\/wp-content\/gallery\/Pielgrzymka-dzieci-pierwszokomunijnycg-do-Wambierzyc%2C-27-maja-2017\/thumbs\/thumbs_DSC_0266.JPG\" width='240' height='160' \/>\n\t\t\t\t\t\t\t<\/a>\n\t\t<\/div>\n\t<\/div>\n\n            \n \t\t\n\t<div id=\"ngg-image-2391\" class=\"ngg-gallery-thumbnail-box\"  >\n\t\t<div class=\"ngg-gallery-thumbnail\" >\n\t\t\t<a href=\"http:\/\/elzbieta.org\/wp-content\/gallery\/Pielgrzymka-dzieci-pierwszokomunijnycg-do-Wambierzyc%2C-27-maja-2017\/DSC_0276.JPG\"\n               title=\" \"\n               class=\"ngg-simplelightbox\" rel=\"7156\" data-image-id=\"2391\" data-src=\"http:\/\/elzbieta.org\/wp-content\/gallery\/Pielgrzymka-dzieci-pierwszokomunijnycg-do-Wambierzyc%2C-27-maja-2017\/DSC_0276.JPG\" data-thumbnail=\"http:\/\/elzbieta.org\/wp-content\/gallery\/Pielgrzymka-dzieci-pierwszokomunijnycg-do-Wambierzyc%2C-27-maja-2017\/thumbs\/thumbs_DSC_0276.JPG\" data-title=\"DSC_0276\" data-description=\" \" >\n\t\t\t\t\t\t\t\t<img title=\"DSC_0276\" alt=\"DSC_0276\" src=\"http:\/\/elzbieta.org\/wp-content\/gallery\/Pielgrzymka-dzieci-pierwszokomunijnycg-do-Wambierzyc%2C-27-maja-2017\/thumbs\/thumbs_DSC_0276.JPG\" width='240' height='160' \/>\n\t\t\t\t\t\t\t<\/a>\n\t\t<\/div>\n\t<\/div>\n\n            \n \t\t\n\t<div id=\"ngg-image-2392\" class=\"ngg-gallery-thumbnail-box\"  >\n\t\t<div class=\"ngg-gallery-thumbnail\" >\n\t\t\t<a href=\"http:\/\/elzbieta.org\/wp-content\/gallery\/Pielgrzymka-dzieci-pierwszokomunijnycg-do-Wambierzyc%2C-27-maja-2017\/DSC_0279.JPG\"\n               title=\" \"\n               class=\"ngg-simplelightbox\" rel=\"7156\" data-image-id=\"2392\" data-src=\"http:\/\/elzbieta.org\/wp-content\/gallery\/Pielgrzymka-dzieci-pierwszokomunijnycg-do-Wambierzyc%2C-27-maja-2017\/DSC_0279.JPG\" data-thumbnail=\"http:\/\/elzbieta.org\/wp-content\/gallery\/Pielgrzymka-dzieci-pierwszokomunijnycg-do-Wambierzyc%2C-27-maja-2017\/thumbs\/thumbs_DSC_0279.JPG\" data-title=\"DSC_0279\" data-description=\" \" >\n\t\t\t\t\t\t\t\t<img title=\"DSC_0279\" alt=\"DSC_0279\" src=\"http:\/\/elzbieta.org\/wp-content\/gallery\/Pielgrzymka-dzieci-pierwszokomunijnycg-do-Wambierzyc%2C-27-maja-2017\/thumbs\/thumbs_DSC_0279.JPG\" width='240' height='160' \/>\n\t\t\t\t\t\t\t<\/a>\n\t\t<\/div>\n\t<\/div>\n\n            \n \t\t\n\t<div id=\"ngg-image-2393\" class=\"ngg-gallery-thumbnail-box\"  >\n\t\t<div class=\"ngg-gallery-thumbnail\" >\n\t\t\t<a href=\"http:\/\/elzbieta.org\/wp-content\/gallery\/Pielgrzymka-dzieci-pierwszokomunijnycg-do-Wambierzyc%2C-27-maja-2017\/DSC_0280.JPG\"\n               title=\" \"\n               class=\"ngg-simplelightbox\" rel=\"7156\" data-image-id=\"2393\" data-src=\"http:\/\/elzbieta.org\/wp-content\/gallery\/Pielgrzymka-dzieci-pierwszokomunijnycg-do-Wambierzyc%2C-27-maja-2017\/DSC_0280.JPG\" data-thumbnail=\"http:\/\/elzbieta.org\/wp-content\/gallery\/Pielgrzymka-dzieci-pierwszokomunijnycg-do-Wambierzyc%2C-27-maja-2017\/thumbs\/thumbs_DSC_0280.JPG\" data-title=\"DSC_0280\" data-description=\" \" >\n\t\t\t\t\t\t\t\t<img title=\"DSC_0280\" alt=\"DSC_0280\" src=\"http:\/\/elzbieta.org\/wp-content\/gallery\/Pielgrzymka-dzieci-pierwszokomunijnycg-do-Wambierzyc%2C-27-maja-2017\/thumbs\/thumbs_DSC_0280.JPG\" width='240' height='160' \/>\n\t\t\t\t\t\t\t<\/a>\n\t\t<\/div>\n\t<\/div>\n\n            \n \t\t\n\t<div id=\"ngg-image-2394\" class=\"ngg-gallery-thumbnail-box\"  >\n\t\t<div class=\"ngg-gallery-thumbnail\" >\n\t\t\t<a href=\"http:\/\/elzbieta.org\/wp-content\/gallery\/Pielgrzymka-dzieci-pierwszokomunijnycg-do-Wambierzyc%2C-27-maja-2017\/DSC_0281.JPG\"\n               title=\" \"\n               class=\"ngg-simplelightbox\" rel=\"7156\" data-image-id=\"2394\" data-src=\"http:\/\/elzbieta.org\/wp-content\/gallery\/Pielgrzymka-dzieci-pierwszokomunijnycg-do-Wambierzyc%2C-27-maja-2017\/DSC_0281.JPG\" data-thumbnail=\"http:\/\/elzbieta.org\/wp-content\/gallery\/Pielgrzymka-dzieci-pierwszokomunijnycg-do-Wambierzyc%2C-27-maja-2017\/thumbs\/thumbs_DSC_0281.JPG\" data-title=\"DSC_0281\" data-description=\" \" >\n\t\t\t\t\t\t\t\t<img title=\"DSC_0281\" alt=\"DSC_0281\" src=\"http:\/\/elzbieta.org\/wp-content\/gallery\/Pielgrzymka-dzieci-pierwszokomunijnycg-do-Wambierzyc%2C-27-maja-2017\/thumbs\/thumbs_DSC_0281.JPG\" width='240' height='160' \/>\n\t\t\t\t\t\t\t<\/a>\n\t\t<\/div>\n\t<\/div>\n\n            \n \t\t\n\t<div id=\"ngg-image-2395\" class=\"ngg-gallery-thumbnail-box\"  >\n\t\t<div class=\"ngg-gallery-thumbnail\" >\n\t\t\t<a href=\"http:\/\/elzbieta.org\/wp-content\/gallery\/Pielgrzymka-dzieci-pierwszokomunijnycg-do-Wambierzyc%2C-27-maja-2017\/DSC_0282.JPG\"\n               title=\" \"\n               class=\"ngg-simplelightbox\" rel=\"7156\" data-image-id=\"2395\" data-src=\"http:\/\/elzbieta.org\/wp-content\/gallery\/Pielgrzymka-dzieci-pierwszokomunijnycg-do-Wambierzyc%2C-27-maja-2017\/DSC_0282.JPG\" data-thumbnail=\"http:\/\/elzbieta.org\/wp-content\/gallery\/Pielgrzymka-dzieci-pierwszokomunijnycg-do-Wambierzyc%2C-27-maja-2017\/thumbs\/thumbs_DSC_0282.JPG\" data-title=\"DSC_0282\" data-description=\" \" >\n\t\t\t\t\t\t\t\t<img title=\"DSC_0282\" alt=\"DSC_0282\" src=\"http:\/\/elzbieta.org\/wp-content\/gallery\/Pielgrzymka-dzieci-pierwszokomunijnycg-do-Wambierzyc%2C-27-maja-2017\/thumbs\/thumbs_DSC_0282.JPG\" width='240' height='160' \/>\n\t\t\t\t\t\t\t<\/a>\n\t\t<\/div>\n\t<\/div>\n\n            \n \t\t\n\t<div id=\"ngg-image-2396\" class=\"ngg-gallery-thumbnail-box\"  >\n\t\t<div class=\"ngg-gallery-thumbnail\" >\n\t\t\t<a href=\"http:\/\/elzbieta.org\/wp-content\/gallery\/Pielgrzymka-dzieci-pierwszokomunijnycg-do-Wambierzyc%2C-27-maja-2017\/DSC_0283.JPG\"\n               title=\" \"\n               class=\"ngg-simplelightbox\" rel=\"7156\" data-image-id=\"2396\" data-src=\"http:\/\/elzbieta.org\/wp-content\/gallery\/Pielgrzymka-dzieci-pierwszokomunijnycg-do-Wambierzyc%2C-27-maja-2017\/DSC_0283.JPG\" data-thumbnail=\"http:\/\/elzbieta.org\/wp-content\/gallery\/Pielgrzymka-dzieci-pierwszokomunijnycg-do-Wambierzyc%2C-27-maja-2017\/thumbs\/thumbs_DSC_0283.JPG\" data-title=\"DSC_0283\" data-description=\" \" >\n\t\t\t\t\t\t\t\t<img title=\"DSC_0283\" alt=\"DSC_0283\" src=\"http:\/\/elzbieta.org\/wp-content\/gallery\/Pielgrzymka-dzieci-pierwszokomunijnycg-do-Wambierzyc%2C-27-maja-2017\/thumbs\/thumbs_DSC_0283.JPG\" width='240' height='160' \/>\n\t\t\t\t\t\t\t<\/a>\n\t\t<\/div>\n\t<\/div>\n\n            \n \t\t\n\t<div id=\"ngg-image-2397\" class=\"ngg-gallery-thumbnail-box\"  >\n\t\t<div class=\"ngg-gallery-thumbnail\" >\n\t\t\t<a href=\"http:\/\/elzbieta.org\/wp-content\/gallery\/Pielgrzymka-dzieci-pierwszokomunijnycg-do-Wambierzyc%2C-27-maja-2017\/DSC_0285.JPG\"\n               title=\" \"\n               class=\"ngg-simplelightbox\" rel=\"7156\" data-image-id=\"2397\" data-src=\"http:\/\/elzbieta.org\/wp-content\/gallery\/Pielgrzymka-dzieci-pierwszokomunijnycg-do-Wambierzyc%2C-27-maja-2017\/DSC_0285.JPG\" data-thumbnail=\"http:\/\/elzbieta.org\/wp-content\/gallery\/Pielgrzymka-dzieci-pierwszokomunijnycg-do-Wambierzyc%2C-27-maja-2017\/thumbs\/thumbs_DSC_0285.JPG\" data-title=\"DSC_0285\" data-description=\" \" >\n\t\t\t\t\t\t\t\t<img title=\"DSC_0285\" alt=\"DSC_0285\" src=\"http:\/\/elzbieta.org\/wp-content\/gallery\/Pielgrzymka-dzieci-pierwszokomunijnycg-do-Wambierzyc%2C-27-maja-2017\/thumbs\/thumbs_DSC_0285.JPG\" width='240' height='160' \/>\n\t\t\t\t\t\t\t<\/a>\n\t\t<\/div>\n\t<\/div>\n\n            \n \t\t\n\t<div id=\"ngg-image-2398\" class=\"ngg-gallery-thumbnail-box\"  >\n\t\t<div class=\"ngg-gallery-thumbnail\" >\n\t\t\t<a href=\"http:\/\/elzbieta.org\/wp-content\/gallery\/Pielgrzymka-dzieci-pierwszokomunijnycg-do-Wambierzyc%2C-27-maja-2017\/DSC_0287.JPG\"\n               title=\" \"\n               class=\"ngg-simplelightbox\" rel=\"7156\" data-image-id=\"2398\" data-src=\"http:\/\/elzbieta.org\/wp-content\/gallery\/Pielgrzymka-dzieci-pierwszokomunijnycg-do-Wambierzyc%2C-27-maja-2017\/DSC_0287.JPG\" data-thumbnail=\"http:\/\/elzbieta.org\/wp-content\/gallery\/Pielgrzymka-dzieci-pierwszokomunijnycg-do-Wambierzyc%2C-27-maja-2017\/thumbs\/thumbs_DSC_0287.JPG\" data-title=\"DSC_0287\" data-description=\" \" >\n\t\t\t\t\t\t\t\t<img title=\"DSC_0287\" alt=\"DSC_0287\" src=\"http:\/\/elzbieta.org\/wp-content\/gallery\/Pielgrzymka-dzieci-pierwszokomunijnycg-do-Wambierzyc%2C-27-maja-2017\/thumbs\/thumbs_DSC_0287.JPG\" width='240' height='160' \/>\n\t\t\t\t\t\t\t<\/a>\n\t\t<\/div>\n\t<\/div>\n\n            \n \t\t\n\t<div id=\"ngg-image-2399\" class=\"ngg-gallery-thumbnail-box\"  >\n\t\t<div class=\"ngg-gallery-thumbnail\" >\n\t\t\t<a href=\"http:\/\/elzbieta.org\/wp-content\/gallery\/Pielgrzymka-dzieci-pierwszokomunijnycg-do-Wambierzyc%2C-27-maja-2017\/DSC_0289.JPG\"\n               title=\" \"\n               class=\"ngg-simplelightbox\" rel=\"7156\" data-image-id=\"2399\" data-src=\"http:\/\/elzbieta.org\/wp-content\/gallery\/Pielgrzymka-dzieci-pierwszokomunijnycg-do-Wambierzyc%2C-27-maja-2017\/DSC_0289.JPG\" data-thumbnail=\"http:\/\/elzbieta.org\/wp-content\/gallery\/Pielgrzymka-dzieci-pierwszokomunijnycg-do-Wambierzyc%2C-27-maja-2017\/thumbs\/thumbs_DSC_0289.JPG\" data-title=\"DSC_0289\" data-description=\" \" >\n\t\t\t\t\t\t\t\t<img title=\"DSC_0289\" alt=\"DSC_0289\" src=\"http:\/\/elzbieta.org\/wp-content\/gallery\/Pielgrzymka-dzieci-pierwszokomunijnycg-do-Wambierzyc%2C-27-maja-2017\/thumbs\/thumbs_DSC_0289.JPG\" width='240' height='160' \/>\n\t\t\t\t\t\t\t<\/a>\n\t\t<\/div>\n\t<\/div>\n\n            \n \t\t\n\t<div id=\"ngg-image-2400\" class=\"ngg-gallery-thumbnail-box\"  >\n\t\t<div class=\"ngg-gallery-thumbnail\" >\n\t\t\t<a href=\"http:\/\/elzbieta.org\/wp-content\/gallery\/Pielgrzymka-dzieci-pierwszokomunijnycg-do-Wambierzyc%2C-27-maja-2017\/DSC_0291.JPG\"\n               title=\" \"\n               class=\"ngg-simplelightbox\" rel=\"7156\" data-image-id=\"2400\" data-src=\"http:\/\/elzbieta.org\/wp-content\/gallery\/Pielgrzymka-dzieci-pierwszokomunijnycg-do-Wambierzyc%2C-27-maja-2017\/DSC_0291.JPG\" data-thumbnail=\"http:\/\/elzbieta.org\/wp-content\/gallery\/Pielgrzymka-dzieci-pierwszokomunijnycg-do-Wambierzyc%2C-27-maja-2017\/thumbs\/thumbs_DSC_0291.JPG\" data-title=\"DSC_0291\" data-description=\" \" >\n\t\t\t\t\t\t\t\t<img title=\"DSC_0291\" alt=\"DSC_0291\" src=\"http:\/\/elzbieta.org\/wp-content\/gallery\/Pielgrzymka-dzieci-pierwszokomunijnycg-do-Wambierzyc%2C-27-maja-2017\/thumbs\/thumbs_DSC_0291.JPG\" width='240' height='160' \/>\n\t\t\t\t\t\t\t<\/a>\n\t\t<\/div>\n\t<\/div>\n\n            \n \t\t\n\t<div id=\"ngg-image-2401\" class=\"ngg-gallery-thumbnail-box\"  >\n\t\t<div class=\"ngg-gallery-thumbnail\" >\n\t\t\t<a href=\"http:\/\/elzbieta.org\/wp-content\/gallery\/Pielgrzymka-dzieci-pierwszokomunijnycg-do-Wambierzyc%2C-27-maja-2017\/DSC_0293.JPG\"\n               title=\" \"\n               class=\"ngg-simplelightbox\" rel=\"7156\" data-image-id=\"2401\" data-src=\"http:\/\/elzbieta.org\/wp-content\/gallery\/Pielgrzymka-dzieci-pierwszokomunijnycg-do-Wambierzyc%2C-27-maja-2017\/DSC_0293.JPG\" data-thumbnail=\"http:\/\/elzbieta.org\/wp-content\/gallery\/Pielgrzymka-dzieci-pierwszokomunijnycg-do-Wambierzyc%2C-27-maja-2017\/thumbs\/thumbs_DSC_0293.JPG\" data-title=\"DSC_0293\" data-description=\" \" >\n\t\t\t\t\t\t\t\t<img title=\"DSC_0293\" alt=\"DSC_0293\" src=\"http:\/\/elzbieta.org\/wp-content\/gallery\/Pielgrzymka-dzieci-pierwszokomunijnycg-do-Wambierzyc%2C-27-maja-2017\/thumbs\/thumbs_DSC_0293.JPG\" width='240' height='160' \/>\n\t\t\t\t\t\t\t<\/a>\n\t\t<\/div>\n\t<\/div>\n\n            \n \t\t\n\t<div id=\"ngg-image-2402\" class=\"ngg-gallery-thumbnail-box\"  >\n\t\t<div class=\"ngg-gallery-thumbnail\" >\n\t\t\t<a href=\"http:\/\/elzbieta.org\/wp-content\/gallery\/Pielgrzymka-dzieci-pierwszokomunijnycg-do-Wambierzyc%2C-27-maja-2017\/DSC_0295.JPG\"\n               title=\" \"\n               class=\"ngg-simplelightbox\" rel=\"7156\" data-image-id=\"2402\" data-src=\"http:\/\/elzbieta.org\/wp-content\/gallery\/Pielgrzymka-dzieci-pierwszokomunijnycg-do-Wambierzyc%2C-27-maja-2017\/DSC_0295.JPG\" data-thumbnail=\"http:\/\/elzbieta.org\/wp-content\/gallery\/Pielgrzymka-dzieci-pierwszokomunijnycg-do-Wambierzyc%2C-27-maja-2017\/thumbs\/thumbs_DSC_0295.JPG\" data-title=\"DSC_0295\" data-description=\" \" >\n\t\t\t\t\t\t\t\t<img title=\"DSC_0295\" alt=\"DSC_0295\" src=\"http:\/\/elzbieta.org\/wp-content\/gallery\/Pielgrzymka-dzieci-pierwszokomunijnycg-do-Wambierzyc%2C-27-maja-2017\/thumbs\/thumbs_DSC_0295.JPG\" width='240' height='160' \/>\n\t\t\t\t\t\t\t<\/a>\n\t\t<\/div>\n\t<\/div>\n\n            \n \t\t\n\t<div id=\"ngg-image-2403\" class=\"ngg-gallery-thumbnail-box\"  >\n\t\t<div class=\"ngg-gallery-thumbnail\" >\n\t\t\t<a href=\"http:\/\/elzbieta.org\/wp-content\/gallery\/Pielgrzymka-dzieci-pierwszokomunijnycg-do-Wambierzyc%2C-27-maja-2017\/DSC_0313.JPG\"\n               title=\" \"\n               class=\"ngg-simplelightbox\" rel=\"7156\" data-image-id=\"2403\" data-src=\"http:\/\/elzbieta.org\/wp-content\/gallery\/Pielgrzymka-dzieci-pierwszokomunijnycg-do-Wambierzyc%2C-27-maja-2017\/DSC_0313.JPG\" data-thumbnail=\"http:\/\/elzbieta.org\/wp-content\/gallery\/Pielgrzymka-dzieci-pierwszokomunijnycg-do-Wambierzyc%2C-27-maja-2017\/thumbs\/thumbs_DSC_0313.JPG\" data-title=\"DSC_0313\" data-description=\" \" >\n\t\t\t\t\t\t\t\t<img title=\"DSC_0313\" alt=\"DSC_0313\" src=\"http:\/\/elzbieta.org\/wp-content\/gallery\/Pielgrzymka-dzieci-pierwszokomunijnycg-do-Wambierzyc%2C-27-maja-2017\/thumbs\/thumbs_DSC_0313.JPG\" width='240' height='160' \/>\n\t\t\t\t\t\t\t<\/a>\n\t\t<\/div>\n\t<\/div>\n\n            \n \t\t\n\t<div id=\"ngg-image-2404\" class=\"ngg-gallery-thumbnail-box\"  >\n\t\t<div class=\"ngg-gallery-thumbnail\" >\n\t\t\t<a href=\"http:\/\/elzbieta.org\/wp-content\/gallery\/Pielgrzymka-dzieci-pierwszokomunijnycg-do-Wambierzyc%2C-27-maja-2017\/DSC_0315.JPG\"\n               title=\" \"\n               class=\"ngg-simplelightbox\" rel=\"7156\" data-image-id=\"2404\" data-src=\"http:\/\/elzbieta.org\/wp-content\/gallery\/Pielgrzymka-dzieci-pierwszokomunijnycg-do-Wambierzyc%2C-27-maja-2017\/DSC_0315.JPG\" data-thumbnail=\"http:\/\/elzbieta.org\/wp-content\/gallery\/Pielgrzymka-dzieci-pierwszokomunijnycg-do-Wambierzyc%2C-27-maja-2017\/thumbs\/thumbs_DSC_0315.JPG\" data-title=\"DSC_0315\" data-description=\" \" >\n\t\t\t\t\t\t\t\t<img title=\"DSC_0315\" alt=\"DSC_0315\" src=\"http:\/\/elzbieta.org\/wp-content\/gallery\/Pielgrzymka-dzieci-pierwszokomunijnycg-do-Wambierzyc%2C-27-maja-2017\/thumbs\/thumbs_DSC_0315.JPG\" width='240' height='160' \/>\n\t\t\t\t\t\t\t<\/a>\n\t\t<\/div>\n\t<\/div>\n\n            \n \t\t\n\t<div id=\"ngg-image-2405\" class=\"ngg-gallery-thumbnail-box\"  >\n\t\t<div class=\"ngg-gallery-thumbnail\" >\n\t\t\t<a href=\"http:\/\/elzbieta.org\/wp-content\/gallery\/Pielgrzymka-dzieci-pierwszokomunijnycg-do-Wambierzyc%2C-27-maja-2017\/DSC_0318.JPG\"\n               title=\" \"\n               class=\"ngg-simplelightbox\" rel=\"7156\" data-image-id=\"2405\" data-src=\"http:\/\/elzbieta.org\/wp-content\/gallery\/Pielgrzymka-dzieci-pierwszokomunijnycg-do-Wambierzyc%2C-27-maja-2017\/DSC_0318.JPG\" data-thumbnail=\"http:\/\/elzbieta.org\/wp-content\/gallery\/Pielgrzymka-dzieci-pierwszokomunijnycg-do-Wambierzyc%2C-27-maja-2017\/thumbs\/thumbs_DSC_0318.JPG\" data-title=\"DSC_0318\" data-description=\" \" >\n\t\t\t\t\t\t\t\t<img title=\"DSC_0318\" alt=\"DSC_0318\" src=\"http:\/\/elzbieta.org\/wp-content\/gallery\/Pielgrzymka-dzieci-pierwszokomunijnycg-do-Wambierzyc%2C-27-maja-2017\/thumbs\/thumbs_DSC_0318.JPG\" width='240' height='160' \/>\n\t\t\t\t\t\t\t<\/a>\n\t\t<\/div>\n\t<\/div>\n\n            \n \t\t\n\t<div id=\"ngg-image-2406\" class=\"ngg-gallery-thumbnail-box\"  >\n\t\t<div class=\"ngg-gallery-thumbnail\" >\n\t\t\t<a href=\"http:\/\/elzbieta.org\/wp-content\/gallery\/Pielgrzymka-dzieci-pierwszokomunijnycg-do-Wambierzyc%2C-27-maja-2017\/DSC_0321.JPG\"\n               title=\" \"\n               class=\"ngg-simplelightbox\" rel=\"7156\" data-image-id=\"2406\" data-src=\"http:\/\/elzbieta.org\/wp-content\/gallery\/Pielgrzymka-dzieci-pierwszokomunijnycg-do-Wambierzyc%2C-27-maja-2017\/DSC_0321.JPG\" data-thumbnail=\"http:\/\/elzbieta.org\/wp-content\/gallery\/Pielgrzymka-dzieci-pierwszokomunijnycg-do-Wambierzyc%2C-27-maja-2017\/thumbs\/thumbs_DSC_0321.JPG\" data-title=\"DSC_0321\" data-description=\" \" >\n\t\t\t\t\t\t\t\t<img title=\"DSC_0321\" alt=\"DSC_0321\" src=\"http:\/\/elzbieta.org\/wp-content\/gallery\/Pielgrzymka-dzieci-pierwszokomunijnycg-do-Wambierzyc%2C-27-maja-2017\/thumbs\/thumbs_DSC_0321.JPG\" width='240' height='160' \/>\n\t\t\t\t\t\t\t<\/a>\n\t\t<\/div>\n\t<\/div>\n\n            \n \t\t\n\t<div id=\"ngg-image-2407\" class=\"ngg-gallery-thumbnail-box\"  >\n\t\t<div class=\"ngg-gallery-thumbnail\" >\n\t\t\t<a href=\"http:\/\/elzbieta.org\/wp-content\/gallery\/Pielgrzymka-dzieci-pierwszokomunijnycg-do-Wambierzyc%2C-27-maja-2017\/DSC_0323.JPG\"\n               title=\" \"\n               class=\"ngg-simplelightbox\" rel=\"7156\" data-image-id=\"2407\" data-src=\"http:\/\/elzbieta.org\/wp-content\/gallery\/Pielgrzymka-dzieci-pierwszokomunijnycg-do-Wambierzyc%2C-27-maja-2017\/DSC_0323.JPG\" data-thumbnail=\"http:\/\/elzbieta.org\/wp-content\/gallery\/Pielgrzymka-dzieci-pierwszokomunijnycg-do-Wambierzyc%2C-27-maja-2017\/thumbs\/thumbs_DSC_0323.JPG\" data-title=\"DSC_0323\" data-description=\" \" >\n\t\t\t\t\t\t\t\t<img title=\"DSC_0323\" alt=\"DSC_0323\" src=\"http:\/\/elzbieta.org\/wp-content\/gallery\/Pielgrzymka-dzieci-pierwszokomunijnycg-do-Wambierzyc%2C-27-maja-2017\/thumbs\/thumbs_DSC_0323.JPG\" width='240' height='160' \/>\n\t\t\t\t\t\t\t<\/a>\n\t\t<\/div>\n\t<\/div>\n\n            \n \t\t\n\t<div id=\"ngg-image-2408\" class=\"ngg-gallery-thumbnail-box\"  >\n\t\t<div class=\"ngg-gallery-thumbnail\" >\n\t\t\t<a href=\"http:\/\/elzbieta.org\/wp-content\/gallery\/Pielgrzymka-dzieci-pierwszokomunijnycg-do-Wambierzyc%2C-27-maja-2017\/DSC_0325.JPG\"\n               title=\" \"\n               class=\"ngg-simplelightbox\" rel=\"7156\" data-image-id=\"2408\" data-src=\"http:\/\/elzbieta.org\/wp-content\/gallery\/Pielgrzymka-dzieci-pierwszokomunijnycg-do-Wambierzyc%2C-27-maja-2017\/DSC_0325.JPG\" data-thumbnail=\"http:\/\/elzbieta.org\/wp-content\/gallery\/Pielgrzymka-dzieci-pierwszokomunijnycg-do-Wambierzyc%2C-27-maja-2017\/thumbs\/thumbs_DSC_0325.JPG\" data-title=\"DSC_0325\" data-description=\" \" >\n\t\t\t\t\t\t\t\t<img title=\"DSC_0325\" alt=\"DSC_0325\" src=\"http:\/\/elzbieta.org\/wp-content\/gallery\/Pielgrzymka-dzieci-pierwszokomunijnycg-do-Wambierzyc%2C-27-maja-2017\/thumbs\/thumbs_DSC_0325.JPG\" width='240' height='160' \/>\n\t\t\t\t\t\t\t<\/a>\n\t\t<\/div>\n\t<\/div>\n\n            \n \t\t\n\t<div id=\"ngg-image-2409\" class=\"ngg-gallery-thumbnail-box\"  >\n\t\t<div class=\"ngg-gallery-thumbnail\" >\n\t\t\t<a href=\"http:\/\/elzbieta.org\/wp-content\/gallery\/Pielgrzymka-dzieci-pierwszokomunijnycg-do-Wambierzyc%2C-27-maja-2017\/DSC_0327.JPG\"\n               title=\" \"\n               class=\"ngg-simplelightbox\" rel=\"7156\" data-image-id=\"2409\" data-src=\"http:\/\/elzbieta.org\/wp-content\/gallery\/Pielgrzymka-dzieci-pierwszokomunijnycg-do-Wambierzyc%2C-27-maja-2017\/DSC_0327.JPG\" data-thumbnail=\"http:\/\/elzbieta.org\/wp-content\/gallery\/Pielgrzymka-dzieci-pierwszokomunijnycg-do-Wambierzyc%2C-27-maja-2017\/thumbs\/thumbs_DSC_0327.JPG\" data-title=\"DSC_0327\" data-description=\" \" >\n\t\t\t\t\t\t\t\t<img title=\"DSC_0327\" alt=\"DSC_0327\" src=\"http:\/\/elzbieta.org\/wp-content\/gallery\/Pielgrzymka-dzieci-pierwszokomunijnycg-do-Wambierzyc%2C-27-maja-2017\/thumbs\/thumbs_DSC_0327.JPG\" width='240' height='160' \/>\n\t\t\t\t\t\t\t<\/a>\n\t\t<\/div>\n\t<\/div>\n\n            \n \t\t\n\t<div id=\"ngg-image-2410\" class=\"ngg-gallery-thumbnail-box\"  >\n\t\t<div class=\"ngg-gallery-thumbnail\" >\n\t\t\t<a href=\"http:\/\/elzbieta.org\/wp-content\/gallery\/Pielgrzymka-dzieci-pierwszokomunijnycg-do-Wambierzyc%2C-27-maja-2017\/DSC_0329.JPG\"\n               title=\" \"\n               class=\"ngg-simplelightbox\" rel=\"7156\" data-image-id=\"2410\" data-src=\"http:\/\/elzbieta.org\/wp-content\/gallery\/Pielgrzymka-dzieci-pierwszokomunijnycg-do-Wambierzyc%2C-27-maja-2017\/DSC_0329.JPG\" data-thumbnail=\"http:\/\/elzbieta.org\/wp-content\/gallery\/Pielgrzymka-dzieci-pierwszokomunijnycg-do-Wambierzyc%2C-27-maja-2017\/thumbs\/thumbs_DSC_0329.JPG\" data-title=\"DSC_0329\" data-description=\" \" >\n\t\t\t\t\t\t\t\t<img title=\"DSC_0329\" alt=\"DSC_0329\" src=\"http:\/\/elzbieta.org\/wp-content\/gallery\/Pielgrzymka-dzieci-pierwszokomunijnycg-do-Wambierzyc%2C-27-maja-2017\/thumbs\/thumbs_DSC_0329.JPG\" width='240' height='160' \/>\n\t\t\t\t\t\t\t<\/a>\n\t\t<\/div>\n\t<\/div>\n\n            \n \t\t\n\t<div id=\"ngg-image-2411\" class=\"ngg-gallery-thumbnail-box\"  >\n\t\t<div class=\"ngg-gallery-thumbnail\" >\n\t\t\t<a href=\"http:\/\/elzbieta.org\/wp-content\/gallery\/Pielgrzymka-dzieci-pierwszokomunijnycg-do-Wambierzyc%2C-27-maja-2017\/DSC_0332.JPG\"\n               title=\" \"\n               class=\"ngg-simplelightbox\" rel=\"7156\" data-image-id=\"2411\" data-src=\"http:\/\/elzbieta.org\/wp-content\/gallery\/Pielgrzymka-dzieci-pierwszokomunijnycg-do-Wambierzyc%2C-27-maja-2017\/DSC_0332.JPG\" data-thumbnail=\"http:\/\/elzbieta.org\/wp-content\/gallery\/Pielgrzymka-dzieci-pierwszokomunijnycg-do-Wambierzyc%2C-27-maja-2017\/thumbs\/thumbs_DSC_0332.JPG\" data-title=\"DSC_0332\" data-description=\" \" >\n\t\t\t\t\t\t\t\t<img title=\"DSC_0332\" alt=\"DSC_0332\" src=\"http:\/\/elzbieta.org\/wp-content\/gallery\/Pielgrzymka-dzieci-pierwszokomunijnycg-do-Wambierzyc%2C-27-maja-2017\/thumbs\/thumbs_DSC_0332.JPG\" width='240' height='160' \/>\n\t\t\t\t\t\t\t<\/a>\n\t\t<\/div>\n\t<\/div>\n\n            \n \t\t\n\t<div id=\"ngg-image-2412\" class=\"ngg-gallery-thumbnail-box\"  >\n\t\t<div class=\"ngg-gallery-thumbnail\" >\n\t\t\t<a href=\"http:\/\/elzbieta.org\/wp-content\/gallery\/Pielgrzymka-dzieci-pierwszokomunijnycg-do-Wambierzyc%2C-27-maja-2017\/DSC_0333.JPG\"\n               title=\" \"\n               class=\"ngg-simplelightbox\" rel=\"7156\" data-image-id=\"2412\" data-src=\"http:\/\/elzbieta.org\/wp-content\/gallery\/Pielgrzymka-dzieci-pierwszokomunijnycg-do-Wambierzyc%2C-27-maja-2017\/DSC_0333.JPG\" data-thumbnail=\"http:\/\/elzbieta.org\/wp-content\/gallery\/Pielgrzymka-dzieci-pierwszokomunijnycg-do-Wambierzyc%2C-27-maja-2017\/thumbs\/thumbs_DSC_0333.JPG\" data-title=\"DSC_0333\" data-description=\" \" >\n\t\t\t\t\t\t\t\t<img title=\"DSC_0333\" alt=\"DSC_0333\" src=\"http:\/\/elzbieta.org\/wp-content\/gallery\/Pielgrzymka-dzieci-pierwszokomunijnycg-do-Wambierzyc%2C-27-maja-2017\/thumbs\/thumbs_DSC_0333.JPG\" width='240' height='160' \/>\n\t\t\t\t\t\t\t<\/a>\n\t\t<\/div>\n\t<\/div>\n\n            \n \t\t\n\t<div id=\"ngg-image-2413\" class=\"ngg-gallery-thumbnail-box\"  >\n\t\t<div class=\"ngg-gallery-thumbnail\" >\n\t\t\t<a href=\"http:\/\/elzbieta.org\/wp-content\/gallery\/Pielgrzymka-dzieci-pierwszokomunijnycg-do-Wambierzyc%2C-27-maja-2017\/DSC_0334.JPG\"\n               title=\" \"\n               class=\"ngg-simplelightbox\" rel=\"7156\" data-image-id=\"2413\" data-src=\"http:\/\/elzbieta.org\/wp-content\/gallery\/Pielgrzymka-dzieci-pierwszokomunijnycg-do-Wambierzyc%2C-27-maja-2017\/DSC_0334.JPG\" data-thumbnail=\"http:\/\/elzbieta.org\/wp-content\/gallery\/Pielgrzymka-dzieci-pierwszokomunijnycg-do-Wambierzyc%2C-27-maja-2017\/thumbs\/thumbs_DSC_0334.JPG\" data-title=\"DSC_0334\" data-description=\" \" >\n\t\t\t\t\t\t\t\t<img title=\"DSC_0334\" alt=\"DSC_0334\" src=\"http:\/\/elzbieta.org\/wp-content\/gallery\/Pielgrzymka-dzieci-pierwszokomunijnycg-do-Wambierzyc%2C-27-maja-2017\/thumbs\/thumbs_DSC_0334.JPG\" width='240' height='160' \/>\n\t\t\t\t\t\t\t<\/a>\n\t\t<\/div>\n\t<\/div>\n\n            \n \t\t\n\t<div id=\"ngg-image-2414\" class=\"ngg-gallery-thumbnail-box\"  >\n\t\t<div class=\"ngg-gallery-thumbnail\" >\n\t\t\t<a href=\"http:\/\/elzbieta.org\/wp-content\/gallery\/Pielgrzymka-dzieci-pierwszokomunijnycg-do-Wambierzyc%2C-27-maja-2017\/DSC_0336.JPG\"\n               title=\" \"\n               class=\"ngg-simplelightbox\" rel=\"7156\" data-image-id=\"2414\" data-src=\"http:\/\/elzbieta.org\/wp-content\/gallery\/Pielgrzymka-dzieci-pierwszokomunijnycg-do-Wambierzyc%2C-27-maja-2017\/DSC_0336.JPG\" data-thumbnail=\"http:\/\/elzbieta.org\/wp-content\/gallery\/Pielgrzymka-dzieci-pierwszokomunijnycg-do-Wambierzyc%2C-27-maja-2017\/thumbs\/thumbs_DSC_0336.JPG\" data-title=\"DSC_0336\" data-description=\" \" >\n\t\t\t\t\t\t\t\t<img title=\"DSC_0336\" alt=\"DSC_0336\" src=\"http:\/\/elzbieta.org\/wp-content\/gallery\/Pielgrzymka-dzieci-pierwszokomunijnycg-do-Wambierzyc%2C-27-maja-2017\/thumbs\/thumbs_DSC_0336.JPG\" width='240' height='160' \/>\n\t\t\t\t\t\t\t<\/a>\n\t\t<\/div>\n\t<\/div>\n\n            \n \t\t\n\t<div id=\"ngg-image-2415\" class=\"ngg-gallery-thumbnail-box\"  >\n\t\t<div class=\"ngg-gallery-thumbnail\" >\n\t\t\t<a href=\"http:\/\/elzbieta.org\/wp-content\/gallery\/Pielgrzymka-dzieci-pierwszokomunijnycg-do-Wambierzyc%2C-27-maja-2017\/DSC_0338.JPG\"\n               title=\" \"\n               class=\"ngg-simplelightbox\" rel=\"7156\" data-image-id=\"2415\" data-src=\"http:\/\/elzbieta.org\/wp-content\/gallery\/Pielgrzymka-dzieci-pierwszokomunijnycg-do-Wambierzyc%2C-27-maja-2017\/DSC_0338.JPG\" data-thumbnail=\"http:\/\/elzbieta.org\/wp-content\/gallery\/Pielgrzymka-dzieci-pierwszokomunijnycg-do-Wambierzyc%2C-27-maja-2017\/thumbs\/thumbs_DSC_0338.JPG\" data-title=\"DSC_0338\" data-description=\" \" >\n\t\t\t\t\t\t\t\t<img title=\"DSC_0338\" alt=\"DSC_0338\" src=\"http:\/\/elzbieta.org\/wp-content\/gallery\/Pielgrzymka-dzieci-pierwszokomunijnycg-do-Wambierzyc%2C-27-maja-2017\/thumbs\/thumbs_DSC_0338.JPG\" width='240' height='160' \/>\n\t\t\t\t\t\t\t<\/a>\n\t\t<\/div>\n\t<\/div>\n\n            \n \t\t\n\t<div id=\"ngg-image-2416\" class=\"ngg-gallery-thumbnail-box\"  >\n\t\t<div class=\"ngg-gallery-thumbnail\" >\n\t\t\t<a href=\"http:\/\/elzbieta.org\/wp-content\/gallery\/Pielgrzymka-dzieci-pierwszokomunijnycg-do-Wambierzyc%2C-27-maja-2017\/DSC_0339.JPG\"\n               title=\" \"\n               class=\"ngg-simplelightbox\" rel=\"7156\" data-image-id=\"2416\" data-src=\"http:\/\/elzbieta.org\/wp-content\/gallery\/Pielgrzymka-dzieci-pierwszokomunijnycg-do-Wambierzyc%2C-27-maja-2017\/DSC_0339.JPG\" data-thumbnail=\"http:\/\/elzbieta.org\/wp-content\/gallery\/Pielgrzymka-dzieci-pierwszokomunijnycg-do-Wambierzyc%2C-27-maja-2017\/thumbs\/thumbs_DSC_0339.JPG\" data-title=\"DSC_0339\" data-description=\" \" >\n\t\t\t\t\t\t\t\t<img title=\"DSC_0339\" alt=\"DSC_0339\" src=\"http:\/\/elzbieta.org\/wp-content\/gallery\/Pielgrzymka-dzieci-pierwszokomunijnycg-do-Wambierzyc%2C-27-maja-2017\/thumbs\/thumbs_DSC_0339.JPG\" width='240' height='160' \/>\n\t\t\t\t\t\t\t<\/a>\n\t\t<\/div>\n\t<\/div>\n\n            \n \t\t\n\t<div id=\"ngg-image-2417\" class=\"ngg-gallery-thumbnail-box\"  >\n\t\t<div class=\"ngg-gallery-thumbnail\" >\n\t\t\t<a href=\"http:\/\/elzbieta.org\/wp-content\/gallery\/Pielgrzymka-dzieci-pierwszokomunijnycg-do-Wambierzyc%2C-27-maja-2017\/DSC_0342.JPG\"\n               title=\" \"\n               class=\"ngg-simplelightbox\" rel=\"7156\" data-image-id=\"2417\" data-src=\"http:\/\/elzbieta.org\/wp-content\/gallery\/Pielgrzymka-dzieci-pierwszokomunijnycg-do-Wambierzyc%2C-27-maja-2017\/DSC_0342.JPG\" data-thumbnail=\"http:\/\/elzbieta.org\/wp-content\/gallery\/Pielgrzymka-dzieci-pierwszokomunijnycg-do-Wambierzyc%2C-27-maja-2017\/thumbs\/thumbs_DSC_0342.JPG\" data-title=\"DSC_0342\" data-description=\" \" >\n\t\t\t\t\t\t\t\t<img title=\"DSC_0342\" alt=\"DSC_0342\" src=\"http:\/\/elzbieta.org\/wp-content\/gallery\/Pielgrzymka-dzieci-pierwszokomunijnycg-do-Wambierzyc%2C-27-maja-2017\/thumbs\/thumbs_DSC_0342.JPG\" width='240' height='160' \/>\n\t\t\t\t\t\t\t<\/a>\n\t\t<\/div>\n\t<\/div>\n\n            \n \t\t\n\t<div id=\"ngg-image-2418\" class=\"ngg-gallery-thumbnail-box\"  >\n\t\t<div class=\"ngg-gallery-thumbnail\" >\n\t\t\t<a href=\"http:\/\/elzbieta.org\/wp-content\/gallery\/Pielgrzymka-dzieci-pierwszokomunijnycg-do-Wambierzyc%2C-27-maja-2017\/DSC_0343.JPG\"\n               title=\" \"\n               class=\"ngg-simplelightbox\" rel=\"7156\" data-image-id=\"2418\" data-src=\"http:\/\/elzbieta.org\/wp-content\/gallery\/Pielgrzymka-dzieci-pierwszokomunijnycg-do-Wambierzyc%2C-27-maja-2017\/DSC_0343.JPG\" data-thumbnail=\"http:\/\/elzbieta.org\/wp-content\/gallery\/Pielgrzymka-dzieci-pierwszokomunijnycg-do-Wambierzyc%2C-27-maja-2017\/thumbs\/thumbs_DSC_0343.JPG\" data-title=\"DSC_0343\" data-description=\" \" >\n\t\t\t\t\t\t\t\t<img title=\"DSC_0343\" alt=\"DSC_0343\" src=\"http:\/\/elzbieta.org\/wp-content\/gallery\/Pielgrzymka-dzieci-pierwszokomunijnycg-do-Wambierzyc%2C-27-maja-2017\/thumbs\/thumbs_DSC_0343.JPG\" width='240' height='160' \/>\n\t\t\t\t\t\t\t<\/a>\n\t\t<\/div>\n\t<\/div>\n\n            \n \t\t\n\t<div id=\"ngg-image-2419\" class=\"ngg-gallery-thumbnail-box\"  >\n\t\t<div class=\"ngg-gallery-thumbnail\" >\n\t\t\t<a href=\"http:\/\/elzbieta.org\/wp-content\/gallery\/Pielgrzymka-dzieci-pierwszokomunijnycg-do-Wambierzyc%2C-27-maja-2017\/DSC_0347.JPG\"\n               title=\" \"\n               class=\"ngg-simplelightbox\" rel=\"7156\" data-image-id=\"2419\" data-src=\"http:\/\/elzbieta.org\/wp-content\/gallery\/Pielgrzymka-dzieci-pierwszokomunijnycg-do-Wambierzyc%2C-27-maja-2017\/DSC_0347.JPG\" data-thumbnail=\"http:\/\/elzbieta.org\/wp-content\/gallery\/Pielgrzymka-dzieci-pierwszokomunijnycg-do-Wambierzyc%2C-27-maja-2017\/thumbs\/thumbs_DSC_0347.JPG\" data-title=\"DSC_0347\" data-description=\" \" >\n\t\t\t\t\t\t\t\t<img title=\"DSC_0347\" alt=\"DSC_0347\" src=\"http:\/\/elzbieta.org\/wp-content\/gallery\/Pielgrzymka-dzieci-pierwszokomunijnycg-do-Wambierzyc%2C-27-maja-2017\/thumbs\/thumbs_DSC_0347.JPG\" width='240' height='160' \/>\n\t\t\t\t\t\t\t<\/a>\n\t\t<\/div>\n\t<\/div>\n\n            \n \t\t\n\t<div id=\"ngg-image-2420\" class=\"ngg-gallery-thumbnail-box\"  >\n\t\t<div class=\"ngg-gallery-thumbnail\" >\n\t\t\t<a href=\"http:\/\/elzbieta.org\/wp-content\/gallery\/Pielgrzymka-dzieci-pierwszokomunijnycg-do-Wambierzyc%2C-27-maja-2017\/DSC_0349.JPG\"\n               title=\" \"\n               class=\"ngg-simplelightbox\" rel=\"7156\" data-image-id=\"2420\" data-src=\"http:\/\/elzbieta.org\/wp-content\/gallery\/Pielgrzymka-dzieci-pierwszokomunijnycg-do-Wambierzyc%2C-27-maja-2017\/DSC_0349.JPG\" data-thumbnail=\"http:\/\/elzbieta.org\/wp-content\/gallery\/Pielgrzymka-dzieci-pierwszokomunijnycg-do-Wambierzyc%2C-27-maja-2017\/thumbs\/thumbs_DSC_0349.JPG\" data-title=\"DSC_0349\" data-description=\" \" >\n\t\t\t\t\t\t\t\t<img title=\"DSC_0349\" alt=\"DSC_0349\" src=\"http:\/\/elzbieta.org\/wp-content\/gallery\/Pielgrzymka-dzieci-pierwszokomunijnycg-do-Wambierzyc%2C-27-maja-2017\/thumbs\/thumbs_DSC_0349.JPG\" width='240' height='160' \/>\n\t\t\t\t\t\t\t<\/a>\n\t\t<\/div>\n\t<\/div>\n\n            \n \t\t\n\t<div id=\"ngg-image-2421\" class=\"ngg-gallery-thumbnail-box\"  >\n\t\t<div class=\"ngg-gallery-thumbnail\" >\n\t\t\t<a href=\"http:\/\/elzbieta.org\/wp-content\/gallery\/Pielgrzymka-dzieci-pierwszokomunijnycg-do-Wambierzyc%2C-27-maja-2017\/DSC_0358.JPG\"\n               title=\" \"\n               class=\"ngg-simplelightbox\" rel=\"7156\" data-image-id=\"2421\" data-src=\"http:\/\/elzbieta.org\/wp-content\/gallery\/Pielgrzymka-dzieci-pierwszokomunijnycg-do-Wambierzyc%2C-27-maja-2017\/DSC_0358.JPG\" data-thumbnail=\"http:\/\/elzbieta.org\/wp-content\/gallery\/Pielgrzymka-dzieci-pierwszokomunijnycg-do-Wambierzyc%2C-27-maja-2017\/thumbs\/thumbs_DSC_0358.JPG\" data-title=\"DSC_0358\" data-description=\" \" >\n\t\t\t\t\t\t\t\t<img title=\"DSC_0358\" alt=\"DSC_0358\" src=\"http:\/\/elzbieta.org\/wp-content\/gallery\/Pielgrzymka-dzieci-pierwszokomunijnycg-do-Wambierzyc%2C-27-maja-2017\/thumbs\/thumbs_DSC_0358.JPG\" width='240' height='160' \/>\n\t\t\t\t\t\t\t<\/a>\n\t\t<\/div>\n\t<\/div>\n\n            \n \t\t\n\t<div id=\"ngg-image-2422\" class=\"ngg-gallery-thumbnail-box\"  >\n\t\t<div class=\"ngg-gallery-thumbnail\" >\n\t\t\t<a href=\"http:\/\/elzbieta.org\/wp-content\/gallery\/Pielgrzymka-dzieci-pierwszokomunijnycg-do-Wambierzyc%2C-27-maja-2017\/DSC_0359.JPG\"\n               title=\" \"\n               class=\"ngg-simplelightbox\" rel=\"7156\" data-image-id=\"2422\" data-src=\"http:\/\/elzbieta.org\/wp-content\/gallery\/Pielgrzymka-dzieci-pierwszokomunijnycg-do-Wambierzyc%2C-27-maja-2017\/DSC_0359.JPG\" data-thumbnail=\"http:\/\/elzbieta.org\/wp-content\/gallery\/Pielgrzymka-dzieci-pierwszokomunijnycg-do-Wambierzyc%2C-27-maja-2017\/thumbs\/thumbs_DSC_0359.JPG\" data-title=\"DSC_0359\" data-description=\" \" >\n\t\t\t\t\t\t\t\t<img title=\"DSC_0359\" alt=\"DSC_0359\" src=\"http:\/\/elzbieta.org\/wp-content\/gallery\/Pielgrzymka-dzieci-pierwszokomunijnycg-do-Wambierzyc%2C-27-maja-2017\/thumbs\/thumbs_DSC_0359.JPG\" width='240' height='160' \/>\n\t\t\t\t\t\t\t<\/a>\n\t\t<\/div>\n\t<\/div>\n\n            \n \t\t\n\t<div id=\"ngg-image-2423\" class=\"ngg-gallery-thumbnail-box\"  >\n\t\t<div class=\"ngg-gallery-thumbnail\" >\n\t\t\t<a href=\"http:\/\/elzbieta.org\/wp-content\/gallery\/Pielgrzymka-dzieci-pierwszokomunijnycg-do-Wambierzyc%2C-27-maja-2017\/DSC_0360.JPG\"\n               title=\" \"\n               class=\"ngg-simplelightbox\" rel=\"7156\" data-image-id=\"2423\" data-src=\"http:\/\/elzbieta.org\/wp-content\/gallery\/Pielgrzymka-dzieci-pierwszokomunijnycg-do-Wambierzyc%2C-27-maja-2017\/DSC_0360.JPG\" data-thumbnail=\"http:\/\/elzbieta.org\/wp-content\/gallery\/Pielgrzymka-dzieci-pierwszokomunijnycg-do-Wambierzyc%2C-27-maja-2017\/thumbs\/thumbs_DSC_0360.JPG\" data-title=\"DSC_0360\" data-description=\" \" >\n\t\t\t\t\t\t\t\t<img title=\"DSC_0360\" alt=\"DSC_0360\" src=\"http:\/\/elzbieta.org\/wp-content\/gallery\/Pielgrzymka-dzieci-pierwszokomunijnycg-do-Wambierzyc%2C-27-maja-2017\/thumbs\/thumbs_DSC_0360.JPG\" width='240' height='160' \/>\n\t\t\t\t\t\t\t<\/a>\n\t\t<\/div>\n\t<\/div>\n\n            \n \t\t\n\t<div id=\"ngg-image-2424\" class=\"ngg-gallery-thumbnail-box\"  >\n\t\t<div class=\"ngg-gallery-thumbnail\" >\n\t\t\t<a href=\"http:\/\/elzbieta.org\/wp-content\/gallery\/Pielgrzymka-dzieci-pierwszokomunijnycg-do-Wambierzyc%2C-27-maja-2017\/DSC_0362.JPG\"\n               title=\" \"\n               class=\"ngg-simplelightbox\" rel=\"7156\" data-image-id=\"2424\" data-src=\"http:\/\/elzbieta.org\/wp-content\/gallery\/Pielgrzymka-dzieci-pierwszokomunijnycg-do-Wambierzyc%2C-27-maja-2017\/DSC_0362.JPG\" data-thumbnail=\"http:\/\/elzbieta.org\/wp-content\/gallery\/Pielgrzymka-dzieci-pierwszokomunijnycg-do-Wambierzyc%2C-27-maja-2017\/thumbs\/thumbs_DSC_0362.JPG\" data-title=\"DSC_0362\" data-description=\" \" >\n\t\t\t\t\t\t\t\t<img title=\"DSC_0362\" alt=\"DSC_0362\" src=\"http:\/\/elzbieta.org\/wp-content\/gallery\/Pielgrzymka-dzieci-pierwszokomunijnycg-do-Wambierzyc%2C-27-maja-2017\/thumbs\/thumbs_DSC_0362.JPG\" width='240' height='160' \/>\n\t\t\t\t\t\t\t<\/a>\n\t\t<\/div>\n\t<\/div>\n\n            \n \t\t\n\t<div id=\"ngg-image-2425\" class=\"ngg-gallery-thumbnail-box\"  >\n\t\t<div class=\"ngg-gallery-thumbnail\" >\n\t\t\t<a href=\"http:\/\/elzbieta.org\/wp-content\/gallery\/Pielgrzymka-dzieci-pierwszokomunijnycg-do-Wambierzyc%2C-27-maja-2017\/DSC_0366.JPG\"\n               title=\" \"\n               class=\"ngg-simplelightbox\" rel=\"7156\" data-image-id=\"2425\" data-src=\"http:\/\/elzbieta.org\/wp-content\/gallery\/Pielgrzymka-dzieci-pierwszokomunijnycg-do-Wambierzyc%2C-27-maja-2017\/DSC_0366.JPG\" data-thumbnail=\"http:\/\/elzbieta.org\/wp-content\/gallery\/Pielgrzymka-dzieci-pierwszokomunijnycg-do-Wambierzyc%2C-27-maja-2017\/thumbs\/thumbs_DSC_0366.JPG\" data-title=\"DSC_0366\" data-description=\" \" >\n\t\t\t\t\t\t\t\t<img title=\"DSC_0366\" alt=\"DSC_0366\" src=\"http:\/\/elzbieta.org\/wp-content\/gallery\/Pielgrzymka-dzieci-pierwszokomunijnycg-do-Wambierzyc%2C-27-maja-2017\/thumbs\/thumbs_DSC_0366.JPG\" width='240' height='160' \/>\n\t\t\t\t\t\t\t<\/a>\n\t\t<\/div>\n\t<\/div>\n\n            \n \t\t\n\t<div id=\"ngg-image-2426\" class=\"ngg-gallery-thumbnail-box\"  >\n\t\t<div class=\"ngg-gallery-thumbnail\" >\n\t\t\t<a href=\"http:\/\/elzbieta.org\/wp-content\/gallery\/Pielgrzymka-dzieci-pierwszokomunijnycg-do-Wambierzyc%2C-27-maja-2017\/DSC_0369.JPG\"\n               title=\" \"\n               class=\"ngg-simplelightbox\" rel=\"7156\" data-image-id=\"2426\" data-src=\"http:\/\/elzbieta.org\/wp-content\/gallery\/Pielgrzymka-dzieci-pierwszokomunijnycg-do-Wambierzyc%2C-27-maja-2017\/DSC_0369.JPG\" data-thumbnail=\"http:\/\/elzbieta.org\/wp-content\/gallery\/Pielgrzymka-dzieci-pierwszokomunijnycg-do-Wambierzyc%2C-27-maja-2017\/thumbs\/thumbs_DSC_0369.JPG\" data-title=\"DSC_0369\" data-description=\" \" >\n\t\t\t\t\t\t\t\t<img title=\"DSC_0369\" alt=\"DSC_0369\" src=\"http:\/\/elzbieta.org\/wp-content\/gallery\/Pielgrzymka-dzieci-pierwszokomunijnycg-do-Wambierzyc%2C-27-maja-2017\/thumbs\/thumbs_DSC_0369.JPG\" width='240' height='160' \/>\n\t\t\t\t\t\t\t<\/a>\n\t\t<\/div>\n\t<\/div>\n\n            \n \t\t\n\t<div id=\"ngg-image-2427\" class=\"ngg-gallery-thumbnail-box\"  >\n\t\t<div class=\"ngg-gallery-thumbnail\" >\n\t\t\t<a href=\"http:\/\/elzbieta.org\/wp-content\/gallery\/Pielgrzymka-dzieci-pierwszokomunijnycg-do-Wambierzyc%2C-27-maja-2017\/DSC_0370.JPG\"\n               title=\" \"\n               class=\"ngg-simplelightbox\" rel=\"7156\" data-image-id=\"2427\" data-src=\"http:\/\/elzbieta.org\/wp-content\/gallery\/Pielgrzymka-dzieci-pierwszokomunijnycg-do-Wambierzyc%2C-27-maja-2017\/DSC_0370.JPG\" data-thumbnail=\"http:\/\/elzbieta.org\/wp-content\/gallery\/Pielgrzymka-dzieci-pierwszokomunijnycg-do-Wambierzyc%2C-27-maja-2017\/thumbs\/thumbs_DSC_0370.JPG\" data-title=\"DSC_0370\" data-description=\" \" >\n\t\t\t\t\t\t\t\t<img title=\"DSC_0370\" alt=\"DSC_0370\" src=\"http:\/\/elzbieta.org\/wp-content\/gallery\/Pielgrzymka-dzieci-pierwszokomunijnycg-do-Wambierzyc%2C-27-maja-2017\/thumbs\/thumbs_DSC_0370.JPG\" width='240' height='160' \/>\n\t\t\t\t\t\t\t<\/a>\n\t\t<\/div>\n\t<\/div>\n\n            \n \t\t\n\t<div id=\"ngg-image-2428\" class=\"ngg-gallery-thumbnail-box\"  >\n\t\t<div class=\"ngg-gallery-thumbnail\" >\n\t\t\t<a href=\"http:\/\/elzbieta.org\/wp-content\/gallery\/Pielgrzymka-dzieci-pierwszokomunijnycg-do-Wambierzyc%2C-27-maja-2017\/DSC_0374.JPG\"\n               title=\" \"\n               class=\"ngg-simplelightbox\" rel=\"7156\" data-image-id=\"2428\" data-src=\"http:\/\/elzbieta.org\/wp-content\/gallery\/Pielgrzymka-dzieci-pierwszokomunijnycg-do-Wambierzyc%2C-27-maja-2017\/DSC_0374.JPG\" data-thumbnail=\"http:\/\/elzbieta.org\/wp-content\/gallery\/Pielgrzymka-dzieci-pierwszokomunijnycg-do-Wambierzyc%2C-27-maja-2017\/thumbs\/thumbs_DSC_0374.JPG\" data-title=\"DSC_0374\" data-description=\" \" >\n\t\t\t\t\t\t\t\t<img title=\"DSC_0374\" alt=\"DSC_0374\" src=\"http:\/\/elzbieta.org\/wp-content\/gallery\/Pielgrzymka-dzieci-pierwszokomunijnycg-do-Wambierzyc%2C-27-maja-2017\/thumbs\/thumbs_DSC_0374.JPG\" width='240' height='160' \/>\n\t\t\t\t\t\t\t<\/a>\n\t\t<\/div>\n\t<\/div>\n\n            \n \t\t\n\t<div id=\"ngg-image-2429\" class=\"ngg-gallery-thumbnail-box\"  >\n\t\t<div class=\"ngg-gallery-thumbnail\" >\n\t\t\t<a href=\"http:\/\/elzbieta.org\/wp-content\/gallery\/Pielgrzymka-dzieci-pierwszokomunijnycg-do-Wambierzyc%2C-27-maja-2017\/DSC_0376.JPG\"\n               title=\" \"\n               class=\"ngg-simplelightbox\" rel=\"7156\" data-image-id=\"2429\" data-src=\"http:\/\/elzbieta.org\/wp-content\/gallery\/Pielgrzymka-dzieci-pierwszokomunijnycg-do-Wambierzyc%2C-27-maja-2017\/DSC_0376.JPG\" data-thumbnail=\"http:\/\/elzbieta.org\/wp-content\/gallery\/Pielgrzymka-dzieci-pierwszokomunijnycg-do-Wambierzyc%2C-27-maja-2017\/thumbs\/thumbs_DSC_0376.JPG\" data-title=\"DSC_0376\" data-description=\" \" >\n\t\t\t\t\t\t\t\t<img title=\"DSC_0376\" alt=\"DSC_0376\" src=\"http:\/\/elzbieta.org\/wp-content\/gallery\/Pielgrzymka-dzieci-pierwszokomunijnycg-do-Wambierzyc%2C-27-maja-2017\/thumbs\/thumbs_DSC_0376.JPG\" width='240' height='160' \/>\n\t\t\t\t\t\t\t<\/a>\n\t\t<\/div>\n\t<\/div>\n\n            \n \t\t\n\t<div id=\"ngg-image-2430\" class=\"ngg-gallery-thumbnail-box\"  >\n\t\t<div class=\"ngg-gallery-thumbnail\" >\n\t\t\t<a href=\"http:\/\/elzbieta.org\/wp-content\/gallery\/Pielgrzymka-dzieci-pierwszokomunijnycg-do-Wambierzyc%2C-27-maja-2017\/DSC_0380.JPG\"\n               title=\" \"\n               class=\"ngg-simplelightbox\" rel=\"7156\" data-image-id=\"2430\" data-src=\"http:\/\/elzbieta.org\/wp-content\/gallery\/Pielgrzymka-dzieci-pierwszokomunijnycg-do-Wambierzyc%2C-27-maja-2017\/DSC_0380.JPG\" data-thumbnail=\"http:\/\/elzbieta.org\/wp-content\/gallery\/Pielgrzymka-dzieci-pierwszokomunijnycg-do-Wambierzyc%2C-27-maja-2017\/thumbs\/thumbs_DSC_0380.JPG\" data-title=\"DSC_0380\" data-description=\" \" >\n\t\t\t\t\t\t\t\t<img title=\"DSC_0380\" alt=\"DSC_0380\" src=\"http:\/\/elzbieta.org\/wp-content\/gallery\/Pielgrzymka-dzieci-pierwszokomunijnycg-do-Wambierzyc%2C-27-maja-2017\/thumbs\/thumbs_DSC_0380.JPG\" width='240' height='160' \/>\n\t\t\t\t\t\t\t<\/a>\n\t\t<\/div>\n\t<\/div>\n\n            \n \t\t\n\t<div id=\"ngg-image-2431\" class=\"ngg-gallery-thumbnail-box\"  >\n\t\t<div class=\"ngg-gallery-thumbnail\" >\n\t\t\t<a href=\"http:\/\/elzbieta.org\/wp-content\/gallery\/Pielgrzymka-dzieci-pierwszokomunijnycg-do-Wambierzyc%2C-27-maja-2017\/DSC_0382.JPG\"\n               title=\" \"\n               class=\"ngg-simplelightbox\" rel=\"7156\" data-image-id=\"2431\" data-src=\"http:\/\/elzbieta.org\/wp-content\/gallery\/Pielgrzymka-dzieci-pierwszokomunijnycg-do-Wambierzyc%2C-27-maja-2017\/DSC_0382.JPG\" data-thumbnail=\"http:\/\/elzbieta.org\/wp-content\/gallery\/Pielgrzymka-dzieci-pierwszokomunijnycg-do-Wambierzyc%2C-27-maja-2017\/thumbs\/thumbs_DSC_0382.JPG\" data-title=\"DSC_0382\" data-description=\" \" >\n\t\t\t\t\t\t\t\t<img title=\"DSC_0382\" alt=\"DSC_0382\" src=\"http:\/\/elzbieta.org\/wp-content\/gallery\/Pielgrzymka-dzieci-pierwszokomunijnycg-do-Wambierzyc%2C-27-maja-2017\/thumbs\/thumbs_DSC_0382.JPG\" width='240' height='160' \/>\n\t\t\t\t\t\t\t<\/a>\n\t\t<\/div>\n\t<\/div>\n\n            \n \t\t\n\t<div id=\"ngg-image-2432\" class=\"ngg-gallery-thumbnail-box\"  >\n\t\t<div class=\"ngg-gallery-thumbnail\" >\n\t\t\t<a href=\"http:\/\/elzbieta.org\/wp-content\/gallery\/Pielgrzymka-dzieci-pierwszokomunijnycg-do-Wambierzyc%2C-27-maja-2017\/DSC_0383.JPG\"\n               title=\" \"\n               class=\"ngg-simplelightbox\" rel=\"7156\" data-image-id=\"2432\" data-src=\"http:\/\/elzbieta.org\/wp-content\/gallery\/Pielgrzymka-dzieci-pierwszokomunijnycg-do-Wambierzyc%2C-27-maja-2017\/DSC_0383.JPG\" data-thumbnail=\"http:\/\/elzbieta.org\/wp-content\/gallery\/Pielgrzymka-dzieci-pierwszokomunijnycg-do-Wambierzyc%2C-27-maja-2017\/thumbs\/thumbs_DSC_0383.JPG\" data-title=\"DSC_0383\" data-description=\" \" >\n\t\t\t\t\t\t\t\t<img title=\"DSC_0383\" alt=\"DSC_0383\" src=\"http:\/\/elzbieta.org\/wp-content\/gallery\/Pielgrzymka-dzieci-pierwszokomunijnycg-do-Wambierzyc%2C-27-maja-2017\/thumbs\/thumbs_DSC_0383.JPG\" width='240' height='160' \/>\n\t\t\t\t\t\t\t<\/a>\n\t\t<\/div>\n\t<\/div>\n\n            \n \t\t\n\t<div id=\"ngg-image-2433\" class=\"ngg-gallery-thumbnail-box\"  >\n\t\t<div class=\"ngg-gallery-thumbnail\" >\n\t\t\t<a href=\"http:\/\/elzbieta.org\/wp-content\/gallery\/Pielgrzymka-dzieci-pierwszokomunijnycg-do-Wambierzyc%2C-27-maja-2017\/DSC_0390.JPG\"\n               title=\" \"\n               class=\"ngg-simplelightbox\" rel=\"7156\" data-image-id=\"2433\" data-src=\"http:\/\/elzbieta.org\/wp-content\/gallery\/Pielgrzymka-dzieci-pierwszokomunijnycg-do-Wambierzyc%2C-27-maja-2017\/DSC_0390.JPG\" data-thumbnail=\"http:\/\/elzbieta.org\/wp-content\/gallery\/Pielgrzymka-dzieci-pierwszokomunijnycg-do-Wambierzyc%2C-27-maja-2017\/thumbs\/thumbs_DSC_0390.JPG\" data-title=\"DSC_0390\" data-description=\" \" >\n\t\t\t\t\t\t\t\t<img title=\"DSC_0390\" alt=\"DSC_0390\" src=\"http:\/\/elzbieta.org\/wp-content\/gallery\/Pielgrzymka-dzieci-pierwszokomunijnycg-do-Wambierzyc%2C-27-maja-2017\/thumbs\/thumbs_DSC_0390.JPG\" width='240' height='160' \/>\n\t\t\t\t\t\t\t<\/a>\n\t\t<\/div>\n\t<\/div>\n\n            \n \t\t\n\t<div id=\"ngg-image-2434\" class=\"ngg-gallery-thumbnail-box\"  >\n\t\t<div class=\"ngg-gallery-thumbnail\" >\n\t\t\t<a href=\"http:\/\/elzbieta.org\/wp-content\/gallery\/Pielgrzymka-dzieci-pierwszokomunijnycg-do-Wambierzyc%2C-27-maja-2017\/DSC_0394.JPG\"\n               title=\" \"\n               class=\"ngg-simplelightbox\" rel=\"7156\" data-image-id=\"2434\" data-src=\"http:\/\/elzbieta.org\/wp-content\/gallery\/Pielgrzymka-dzieci-pierwszokomunijnycg-do-Wambierzyc%2C-27-maja-2017\/DSC_0394.JPG\" data-thumbnail=\"http:\/\/elzbieta.org\/wp-content\/gallery\/Pielgrzymka-dzieci-pierwszokomunijnycg-do-Wambierzyc%2C-27-maja-2017\/thumbs\/thumbs_DSC_0394.JPG\" data-title=\"DSC_0394\" data-description=\" \" >\n\t\t\t\t\t\t\t\t<img title=\"DSC_0394\" alt=\"DSC_0394\" src=\"http:\/\/elzbieta.org\/wp-content\/gallery\/Pielgrzymka-dzieci-pierwszokomunijnycg-do-Wambierzyc%2C-27-maja-2017\/thumbs\/thumbs_DSC_0394.JPG\" width='240' height='160' \/>\n\t\t\t\t\t\t\t<\/a>\n\t\t<\/div>\n\t<\/div>\n\n            \n \t\t\n\t<div id=\"ngg-image-2435\" class=\"ngg-gallery-thumbnail-box\"  >\n\t\t<div class=\"ngg-gallery-thumbnail\" >\n\t\t\t<a href=\"http:\/\/elzbieta.org\/wp-content\/gallery\/Pielgrzymka-dzieci-pierwszokomunijnycg-do-Wambierzyc%2C-27-maja-2017\/DSC_0406.JPG\"\n               title=\" \"\n               class=\"ngg-simplelightbox\" rel=\"7156\" data-image-id=\"2435\" data-src=\"http:\/\/elzbieta.org\/wp-content\/gallery\/Pielgrzymka-dzieci-pierwszokomunijnycg-do-Wambierzyc%2C-27-maja-2017\/DSC_0406.JPG\" data-thumbnail=\"http:\/\/elzbieta.org\/wp-content\/gallery\/Pielgrzymka-dzieci-pierwszokomunijnycg-do-Wambierzyc%2C-27-maja-2017\/thumbs\/thumbs_DSC_0406.JPG\" data-title=\"DSC_0406\" data-description=\" \" >\n\t\t\t\t\t\t\t\t<img title=\"DSC_0406\" alt=\"DSC_0406\" src=\"http:\/\/elzbieta.org\/wp-content\/gallery\/Pielgrzymka-dzieci-pierwszokomunijnycg-do-Wambierzyc%2C-27-maja-2017\/thumbs\/thumbs_DSC_0406.JPG\" width='240' height='160' \/>\n\t\t\t\t\t\t\t<\/a>\n\t\t<\/div>\n\t<\/div>\n\n            \n \t\t\n\t<div id=\"ngg-image-2436\" class=\"ngg-gallery-thumbnail-box\"  >\n\t\t<div class=\"ngg-gallery-thumbnail\" >\n\t\t\t<a href=\"http:\/\/elzbieta.org\/wp-content\/gallery\/Pielgrzymka-dzieci-pierwszokomunijnycg-do-Wambierzyc%2C-27-maja-2017\/DSC_0414.JPG\"\n               title=\" \"\n               class=\"ngg-simplelightbox\" rel=\"7156\" data-image-id=\"2436\" data-src=\"http:\/\/elzbieta.org\/wp-content\/gallery\/Pielgrzymka-dzieci-pierwszokomunijnycg-do-Wambierzyc%2C-27-maja-2017\/DSC_0414.JPG\" data-thumbnail=\"http:\/\/elzbieta.org\/wp-content\/gallery\/Pielgrzymka-dzieci-pierwszokomunijnycg-do-Wambierzyc%2C-27-maja-2017\/thumbs\/thumbs_DSC_0414.JPG\" data-title=\"DSC_0414\" data-description=\" \" >\n\t\t\t\t\t\t\t\t<img title=\"DSC_0414\" alt=\"DSC_0414\" src=\"http:\/\/elzbieta.org\/wp-content\/gallery\/Pielgrzymka-dzieci-pierwszokomunijnycg-do-Wambierzyc%2C-27-maja-2017\/thumbs\/thumbs_DSC_0414.JPG\" width='240' height='160' \/>\n\t\t\t\t\t\t\t<\/a>\n\t\t<\/div>\n\t<\/div>\n\n            \n \t \t\n\t<!-- Pagination -->\n \t<div class='ngg-clear'><\/div> \t\n<\/div>\n\n<\/p>\n","protected":false},"excerpt":{"rendered":"<p>W sobot\u0119, 27 maja 2017 r., grupa dzieci pierwszokomunijnych wraz z rodzinami oraz ksi\u0105dz proboszcz i katecheci uczestniczyli w pielgrzymce dzi\u0119kczynnej do Wambierzyc. [Pokaz zdj\u0119\u0107]<\/p>\n","protected":false},"author":2,"featured_media":7154,"comment_status":"closed","ping_status":"open","sticky":false,"template":"","format":"standard","meta":{"ngg_post_thumbnail":0},"categories":[2],"tags":[],"_links":{"self":[{"href":"http:\/\/elzbieta.org\/index.php?rest_route=\/wp\/v2\/posts\/7153"}],"collection":[{"href":"http:\/\/elzbieta.org\/index.php?rest_route=\/wp\/v2\/posts"}],"about":[{"href":"http:\/\/elzbieta.org\/index.php?rest_route=\/wp\/v2\/types\/post"}],"author":[{"embeddable":true,"href":"http:\/\/elzbieta.org\/index.php?rest_route=\/wp\/v2\/users\/2"}],"replies":[{"embeddable":true,"href":"http:\/\/elzbieta.org\/index.php?rest_route=%2Fwp%2Fv2%2Fcomments&post=7153"}],"version-history":[{"count":0,"href":"http:\/\/elzbieta.org\/index.php?rest_route=\/wp\/v2\/posts\/7153\/revisions"}],"wp:featuredmedia":[{"embeddable":true,"href":"http:\/\/elzbieta.org\/index.php?rest_route=\/wp\/v2\/media\/7154"}],"wp:attachment":[{"href":"http:\/\/elzbieta.org\/index.php?rest_route=%2Fwp%2Fv2%2Fmedia&parent=7153"}],"wp:term":[{"taxonomy":"category","embeddable":true,"href":"http:\/\/elzbieta.org\/index.php?rest_route=%2Fwp%2Fv2%2Fcategories&post=7153"},{"taxonomy":"post_tag","embeddable":true,"href":"http:\/\/elzbieta.org\/index.php?rest_route=%2Fwp%2Fv2%2Ftags&post=7153"}],"curies":[{"name":"wp","href":"https:\/\/api.w.org\/{rel}","templated":true}]}}