{"id":7164,"date":"2017-06-09T12:06:50","date_gmt":"2017-06-09T10:06:50","guid":{"rendered":"http:\/\/elzbieta.org\/?p=7164"},"modified":"2017-06-12T20:59:55","modified_gmt":"2017-06-12T18:59:55","slug":"peregrynacja-relikwii-sw-jana-pawla-ii-9-10-czerwca-2017","status":"publish","type":"post","link":"http:\/\/elzbieta.org\/?p=7164","title":{"rendered":"Peregrynacja relikwii \u015bw. Jana Paw\u0142a II, 9-10 czerwca 2017"},"content":{"rendered":"<p style=\"text-align: justify;\">\u00a0\u00a0\u00a0\n<div class=\"ngg-galleryoverview\" id=\"ngg-gallery-7329-7164\">\n\n\t<!-- Slideshow link -->\n\t<div class=\"slideshowlink\">\n\t\t<a class=\"slideshowlink\" href=\"http:\/\/elzbieta.org\/index.php\/nggallery\/slideshow?p=7164\">\n\t\t\t[Pokaz zdj\u0119\u0107]\t\t<\/a>\n\t<\/div>\n\n\t<!-- Thumbnails -->\n    \t\t\n\t<div id=\"ngg-image-2499\" class=\"ngg-gallery-thumbnail-box\"  >\n\t\t<div class=\"ngg-gallery-thumbnail\" >\n\t\t\t<a href=\"http:\/\/elzbieta.org\/wp-content\/gallery\/Peregrynacja-relikwii-JPII-9-10.06.2017\/19059272_1879629338945292_473070115690859460_n.jpg\"\n               title=\" \"\n               class=\"ngg-simplelightbox\" rel=\"7329\" data-image-id=\"2499\" data-src=\"http:\/\/elzbieta.org\/wp-content\/gallery\/Peregrynacja-relikwii-JPII-9-10.06.2017\/19059272_1879629338945292_473070115690859460_n.jpg\" data-thumbnail=\"http:\/\/elzbieta.org\/wp-content\/gallery\/Peregrynacja-relikwii-JPII-9-10.06.2017\/thumbs\/thumbs_19059272_1879629338945292_473070115690859460_n.jpg\" data-title=\"19059272_1879629338945292_473070115690859460_n\" data-description=\" \" >\n\t\t\t\t\t\t\t\t<img title=\"19059272_1879629338945292_473070115690859460_n\" alt=\"19059272_1879629338945292_473070115690859460_n\" src=\"http:\/\/elzbieta.org\/wp-content\/gallery\/Peregrynacja-relikwii-JPII-9-10.06.2017\/thumbs\/thumbs_19059272_1879629338945292_473070115690859460_n.jpg\" width='240' height='160' \/>\n\t\t\t\t\t\t\t<\/a>\n\t\t<\/div>\n\t<\/div>\n\n            \n \t\t\n\t<div id=\"ngg-image-2500\" class=\"ngg-gallery-thumbnail-box\"  >\n\t\t<div class=\"ngg-gallery-thumbnail\" >\n\t\t\t<a href=\"http:\/\/elzbieta.org\/wp-content\/gallery\/Peregrynacja-relikwii-JPII-9-10.06.2017\/peregrynacja-9.06.17.jpg\"\n               title=\" \"\n               class=\"ngg-simplelightbox\" rel=\"7329\" data-image-id=\"2500\" data-src=\"http:\/\/elzbieta.org\/wp-content\/gallery\/Peregrynacja-relikwii-JPII-9-10.06.2017\/peregrynacja-9.06.17.jpg\" data-thumbnail=\"http:\/\/elzbieta.org\/wp-content\/gallery\/Peregrynacja-relikwii-JPII-9-10.06.2017\/thumbs\/thumbs_peregrynacja-9.06.17.jpg\" data-title=\"peregrynacja 9.06.17\" data-description=\" \" >\n\t\t\t\t\t\t\t\t<img title=\"peregrynacja 9.06.17\" alt=\"peregrynacja 9.06.17\" src=\"http:\/\/elzbieta.org\/wp-content\/gallery\/Peregrynacja-relikwii-JPII-9-10.06.2017\/thumbs\/thumbs_peregrynacja-9.06.17.jpg\" width='240' height='160' \/>\n\t\t\t\t\t\t\t<\/a>\n\t\t<\/div>\n\t<\/div>\n\n            \n \t\t\n\t<div id=\"ngg-image-2498\" class=\"ngg-gallery-thumbnail-box\"  >\n\t\t<div class=\"ngg-gallery-thumbnail\" >\n\t\t\t<a href=\"http:\/\/elzbieta.org\/wp-content\/gallery\/Peregrynacja-relikwii-JPII-9-10.06.2017\/19029574_1879629418945284_2014264938383361479_n.jpg\"\n               title=\" \"\n               class=\"ngg-simplelightbox\" rel=\"7329\" data-image-id=\"2498\" data-src=\"http:\/\/elzbieta.org\/wp-content\/gallery\/Peregrynacja-relikwii-JPII-9-10.06.2017\/19029574_1879629418945284_2014264938383361479_n.jpg\" data-thumbnail=\"http:\/\/elzbieta.org\/wp-content\/gallery\/Peregrynacja-relikwii-JPII-9-10.06.2017\/thumbs\/thumbs_19029574_1879629418945284_2014264938383361479_n.jpg\" data-title=\"19029574_1879629418945284_2014264938383361479_n\" data-description=\" \" >\n\t\t\t\t\t\t\t\t<img title=\"19029574_1879629418945284_2014264938383361479_n\" alt=\"19029574_1879629418945284_2014264938383361479_n\" src=\"http:\/\/elzbieta.org\/wp-content\/gallery\/Peregrynacja-relikwii-JPII-9-10.06.2017\/thumbs\/thumbs_19029574_1879629418945284_2014264938383361479_n.jpg\" width='240' height='160' \/>\n\t\t\t\t\t\t\t<\/a>\n\t\t<\/div>\n\t<\/div>\n\n            \n \t\t\n\t<div id=\"ngg-image-2493\" class=\"ngg-gallery-thumbnail-box\"  >\n\t\t<div class=\"ngg-gallery-thumbnail\" >\n\t\t\t<a href=\"http:\/\/elzbieta.org\/wp-content\/gallery\/Peregrynacja-relikwii-JPII-9-10.06.2017\/18921937_1879629488945277_5503191234449321414_n.jpg\"\n               title=\" \"\n               class=\"ngg-simplelightbox\" rel=\"7329\" data-image-id=\"2493\" data-src=\"http:\/\/elzbieta.org\/wp-content\/gallery\/Peregrynacja-relikwii-JPII-9-10.06.2017\/18921937_1879629488945277_5503191234449321414_n.jpg\" data-thumbnail=\"http:\/\/elzbieta.org\/wp-content\/gallery\/Peregrynacja-relikwii-JPII-9-10.06.2017\/thumbs\/thumbs_18921937_1879629488945277_5503191234449321414_n.jpg\" data-title=\"18921937_1879629488945277_5503191234449321414_n\" data-description=\" \" >\n\t\t\t\t\t\t\t\t<img title=\"18921937_1879629488945277_5503191234449321414_n\" alt=\"18921937_1879629488945277_5503191234449321414_n\" src=\"http:\/\/elzbieta.org\/wp-content\/gallery\/Peregrynacja-relikwii-JPII-9-10.06.2017\/thumbs\/thumbs_18921937_1879629488945277_5503191234449321414_n.jpg\" width='240' height='160' \/>\n\t\t\t\t\t\t\t<\/a>\n\t\t<\/div>\n\t<\/div>\n\n            \n \t\t\n\t<div id=\"ngg-image-2495\" class=\"ngg-gallery-thumbnail-box\"  >\n\t\t<div class=\"ngg-gallery-thumbnail\" >\n\t\t\t<a href=\"http:\/\/elzbieta.org\/wp-content\/gallery\/Peregrynacja-relikwii-JPII-9-10.06.2017\/18951404_1879629432278616_1509534794315960618_n.jpg\"\n               title=\" \"\n               class=\"ngg-simplelightbox\" rel=\"7329\" data-image-id=\"2495\" data-src=\"http:\/\/elzbieta.org\/wp-content\/gallery\/Peregrynacja-relikwii-JPII-9-10.06.2017\/18951404_1879629432278616_1509534794315960618_n.jpg\" data-thumbnail=\"http:\/\/elzbieta.org\/wp-content\/gallery\/Peregrynacja-relikwii-JPII-9-10.06.2017\/thumbs\/thumbs_18951404_1879629432278616_1509534794315960618_n.jpg\" data-title=\"18951404_1879629432278616_1509534794315960618_n\" data-description=\" \" >\n\t\t\t\t\t\t\t\t<img title=\"18951404_1879629432278616_1509534794315960618_n\" alt=\"18951404_1879629432278616_1509534794315960618_n\" src=\"http:\/\/elzbieta.org\/wp-content\/gallery\/Peregrynacja-relikwii-JPII-9-10.06.2017\/thumbs\/thumbs_18951404_1879629432278616_1509534794315960618_n.jpg\" width='240' height='160' \/>\n\t\t\t\t\t\t\t<\/a>\n\t\t<\/div>\n\t<\/div>\n\n            \n \t\t\n\t<div id=\"ngg-image-2497\" class=\"ngg-gallery-thumbnail-box\"  >\n\t\t<div class=\"ngg-gallery-thumbnail\" >\n\t\t\t<a href=\"http:\/\/elzbieta.org\/wp-content\/gallery\/Peregrynacja-relikwii-JPII-9-10.06.2017\/18953061_1879629505611942_6446778387560193913_n.jpg\"\n               title=\" \"\n               class=\"ngg-simplelightbox\" rel=\"7329\" data-image-id=\"2497\" data-src=\"http:\/\/elzbieta.org\/wp-content\/gallery\/Peregrynacja-relikwii-JPII-9-10.06.2017\/18953061_1879629505611942_6446778387560193913_n.jpg\" data-thumbnail=\"http:\/\/elzbieta.org\/wp-content\/gallery\/Peregrynacja-relikwii-JPII-9-10.06.2017\/thumbs\/thumbs_18953061_1879629505611942_6446778387560193913_n.jpg\" data-title=\"18953061_1879629505611942_6446778387560193913_n\" data-description=\" \" >\n\t\t\t\t\t\t\t\t<img title=\"18953061_1879629505611942_6446778387560193913_n\" alt=\"18953061_1879629505611942_6446778387560193913_n\" src=\"http:\/\/elzbieta.org\/wp-content\/gallery\/Peregrynacja-relikwii-JPII-9-10.06.2017\/thumbs\/thumbs_18953061_1879629505611942_6446778387560193913_n.jpg\" width='240' height='160' \/>\n\t\t\t\t\t\t\t<\/a>\n\t\t<\/div>\n\t<\/div>\n\n            \n \t\t\n\t<div id=\"ngg-image-2496\" class=\"ngg-gallery-thumbnail-box\"  >\n\t\t<div class=\"ngg-gallery-thumbnail\" >\n\t\t\t<a href=\"http:\/\/elzbieta.org\/wp-content\/gallery\/Peregrynacja-relikwii-JPII-9-10.06.2017\/18951506_1879629345611958_682353680847043395_n.jpg\"\n               title=\" \"\n               class=\"ngg-simplelightbox\" rel=\"7329\" data-image-id=\"2496\" data-src=\"http:\/\/elzbieta.org\/wp-content\/gallery\/Peregrynacja-relikwii-JPII-9-10.06.2017\/18951506_1879629345611958_682353680847043395_n.jpg\" data-thumbnail=\"http:\/\/elzbieta.org\/wp-content\/gallery\/Peregrynacja-relikwii-JPII-9-10.06.2017\/thumbs\/thumbs_18951506_1879629345611958_682353680847043395_n.jpg\" data-title=\"18951506_1879629345611958_682353680847043395_n\" data-description=\" \" >\n\t\t\t\t\t\t\t\t<img title=\"18951506_1879629345611958_682353680847043395_n\" alt=\"18951506_1879629345611958_682353680847043395_n\" src=\"http:\/\/elzbieta.org\/wp-content\/gallery\/Peregrynacja-relikwii-JPII-9-10.06.2017\/thumbs\/thumbs_18951506_1879629345611958_682353680847043395_n.jpg\" width='240' height='160' \/>\n\t\t\t\t\t\t\t<\/a>\n\t\t<\/div>\n\t<\/div>\n\n            \n \t\t\n\t<div id=\"ngg-image-2494\" class=\"ngg-gallery-thumbnail-box\"  >\n\t\t<div class=\"ngg-gallery-thumbnail\" >\n\t\t\t<a href=\"http:\/\/elzbieta.org\/wp-content\/gallery\/Peregrynacja-relikwii-JPII-9-10.06.2017\/18922173_1879629428945283_7567628644318012096_n.jpg\"\n               title=\" \"\n               class=\"ngg-simplelightbox\" rel=\"7329\" data-image-id=\"2494\" data-src=\"http:\/\/elzbieta.org\/wp-content\/gallery\/Peregrynacja-relikwii-JPII-9-10.06.2017\/18922173_1879629428945283_7567628644318012096_n.jpg\" data-thumbnail=\"http:\/\/elzbieta.org\/wp-content\/gallery\/Peregrynacja-relikwii-JPII-9-10.06.2017\/thumbs\/thumbs_18922173_1879629428945283_7567628644318012096_n.jpg\" data-title=\"18922173_1879629428945283_7567628644318012096_n\" data-description=\" \" >\n\t\t\t\t\t\t\t\t<img title=\"18922173_1879629428945283_7567628644318012096_n\" alt=\"18922173_1879629428945283_7567628644318012096_n\" src=\"http:\/\/elzbieta.org\/wp-content\/gallery\/Peregrynacja-relikwii-JPII-9-10.06.2017\/thumbs\/thumbs_18922173_1879629428945283_7567628644318012096_n.jpg\" width='240' height='160' \/>\n\t\t\t\t\t\t\t<\/a>\n\t\t<\/div>\n\t<\/div>\n\n            \n \t \t\n\t<!-- Pagination -->\n \t<div class='ngg-clear'><\/div> \t\n<\/div>\n\n<\/p>\n<p style=\"text-align: justify;\">Z okazji XX rocznicy 46. Mi\u0119dzynarodowego Kongresu Eucharystycznego (1997) oraz wizyty \u015bw. Jana Paw\u0142a II na Dolnym \u015al\u0105sku, trwa\u00a0 peregrynacja\u00a0 relikwii \u015bw. Jana Paw\u0142a II w Archidiecezji Wroc\u0142awskiej. Relikwie papieskie to: relikwiarz z krwi\u0105, krzy\u017c papieski, stu\u0142a, piuska i bia\u0142a sutanna. Ka\u017cda z parafii przygotowuje specjalne nabo\u017ce\u0144stwa dzi\u0119kczynne za pielgrzymki papie\u017ca i dar pontyfikatu Jana Paw\u0142a II. Peregrynacj\u0119 relikwii przygotowa\u0142o Katolickie Radio Rodzina wraz Centrum Jana Paw\u0142a II z Krakowa.<\/p>\n<p style=\"text-align: justify;\">\u00a0\u00a0\u00a0 W naszym ko\u015bciele od Niedzieli Bo\u017cego Mi\u0142osierdzia s\u0105 ju\u017c na sta\u0142e relikwie \u015awi\u0119tego Papie\u017ca, przy kt\u00f3rych modlimy si\u0119 na co dzie\u0144. Chcemy jednak, tak jak inne parafie, wzi\u0105\u0107 udzia\u0142 w niecodziennej peregrynacji.<\/p>\n<p style=\"text-align: justify;\">\u00a0\u00a0\u00a0 W naszej parafii peregrynacja relikwii \u015bw. Jana Paw\u0142a II rozpocznie si\u0119 w pi\u0105tek, 9 czerwca o godz. 18.00. Zako\u0144czy si\u0119 nast\u0119pnego dnia w godzinach po\u0142udniowych.<\/p>\n<p><strong><span style=\"color: #ff0000;\">PROGRAM:<\/span><\/strong><\/p>\n<p><strong><span style=\"color: #003366;\">W pi\u0105tek, 9 czerwca:<\/span><\/strong><\/p>\n<p>\u2013\u00a0\u00a0\u00a0\u00a0 modlitwa przy relikwiach rozpocznie si\u0119 nabo\u017ce\u0144stwem czerwcowym o godz. 18.00,<\/p>\n<p>\u2013\u00a0\u00a0\u00a0\u00a0 o godz. 18.30 \u2013 Msza \u015bw. z modlitw\u0105 dzi\u0119kczynn\u0105 za dar 46. Mi\u0119dzynarodowego Kongresu Eucharystycznego, kt\u00f3ry odby\u0142 si\u0119 we Wroc\u0142awiu z udzia\u0142em Jana Paw\u0142a II,<\/p>\n<p>\u2013\u00a0\u00a0\u00a0\u00a0 po Mszy \u015bw. b\u0119dzie nabo\u017ce\u0144stwo r\u00f3\u017ca\u0144cowe \u2013 r\u00f3\u017caniec z Janem Paw\u0142em II,<\/p>\n<p>\u2013\u00a0\u00a0\u00a0\u00a0 p\u00f3\u017aniej b\u0119dzie czas na indywidualn\u0105 modlitw\u0119 Parafian,<\/p>\n<p>\u2013\u00a0\u00a0\u00a0\u00a0 o godz. 21.00 b\u0119dzie Apel Maryjny z Janem Paw\u0142em II.<\/p>\n<p>&nbsp;<\/p>\n<p><strong><span style=\"color: #003366;\">W sobot\u0119, 10 czerwca:<\/span><\/strong><\/p>\n<p>\u2013\u00a0\u00a0\u00a0\u00a0 rano Msza \u015bw., jak zwykle, o godz. 6.30 i 7.30,<\/p>\n<p>\u2013\u00a0\u00a0\u00a0\u00a0 p\u00f3\u017aniej czas na indywidualn\u0105 modlitw\u0119 przy relikwiach,<\/p>\n<p>\u2013\u00a0\u00a0\u00a0\u00a0 o godz. 10.00 b\u0119dzie Msza \u015bw. w intencji os\u00f3b chorych z modlitw\u0105 o wstawiennictwo \u015bw. Jana Paw\u0142a II.<\/p>\n<p>&nbsp;<\/p>\n<p>Bardzo serdecznie zapraszamy Parafian do licznego udzia\u0142u we wsp\u00f3lnej i indywidualnej modlitwie przy relikwiach \u015bw. Jana Paw\u0142a II.<\/p>\n<p>&nbsp;<\/p>\n","protected":false},"excerpt":{"rendered":"<p>\u00a0\u00a0\u00a0 [Pokaz zdj\u0119\u0107] Z okazji XX rocznicy 46. Mi\u0119dzynarodowego Kongresu Eucharystycznego (1997) oraz wizyty \u015bw. Jana Paw\u0142a II na Dolnym \u015al\u0105sku, trwa\u00a0 peregrynacja\u00a0 relikwii \u015bw. Jana Paw\u0142a II w Archidiecezji Wroc\u0142awskiej. Relikwie papieskie to: relikwiarz z krwi\u0105, krzy\u017c papieski, stu\u0142a, piuska i bia\u0142a sutanna. Ka\u017cda z parafii przygotowuje specjalne nabo\u017ce\u0144stwa dzi\u0119kczynne za pielgrzymki papie\u017ca i [&hellip;]<\/p>\n","protected":false},"author":2,"featured_media":7167,"comment_status":"closed","ping_status":"open","sticky":false,"template":"","format":"standard","meta":{"ngg_post_thumbnail":0},"categories":[2],"tags":[],"_links":{"self":[{"href":"http:\/\/elzbieta.org\/index.php?rest_route=\/wp\/v2\/posts\/7164"}],"collection":[{"href":"http:\/\/elzbieta.org\/index.php?rest_route=\/wp\/v2\/posts"}],"about":[{"href":"http:\/\/elzbieta.org\/index.php?rest_route=\/wp\/v2\/types\/post"}],"author":[{"embeddable":true,"href":"http:\/\/elzbieta.org\/index.php?rest_route=\/wp\/v2\/users\/2"}],"replies":[{"embeddable":true,"href":"http:\/\/elzbieta.org\/index.php?rest_route=%2Fwp%2Fv2%2Fcomments&post=7164"}],"version-history":[{"count":0,"href":"http:\/\/elzbieta.org\/index.php?rest_route=\/wp\/v2\/posts\/7164\/revisions"}],"wp:featuredmedia":[{"embeddable":true,"href":"http:\/\/elzbieta.org\/index.php?rest_route=\/wp\/v2\/media\/7167"}],"wp:attachment":[{"href":"http:\/\/elzbieta.org\/index.php?rest_route=%2Fwp%2Fv2%2Fmedia&parent=7164"}],"wp:term":[{"taxonomy":"category","embeddable":true,"href":"http:\/\/elzbieta.org\/index.php?rest_route=%2Fwp%2Fv2%2Fcategories&post=7164"},{"taxonomy":"post_tag","embeddable":true,"href":"http:\/\/elzbieta.org\/index.php?rest_route=%2Fwp%2Fv2%2Ftags&post=7164"}],"curies":[{"name":"wp","href":"https:\/\/api.w.org\/{rel}","templated":true}]}}